{"id":4276,"date":"2021-11-16T13:57:51","date_gmt":"2021-11-16T13:57:51","guid":{"rendered":"https:\/\/thecharge.ca\/?p=4276"},"modified":"2021-12-07T15:40:13","modified_gmt":"2021-12-07T15:40:13","slug":"recharge-de-niveau-1","status":"publish","type":"post","link":"https:\/\/thecharge.ca\/fr\/glossary-fr\/recharge-de-niveau-1\/","title":{"rendered":"Recharge de niveau\u202f1"},"content":{"rendered":"<p><img loading=\"lazy\" decoding=\"async\" class=\"alignright wp-image-751 \" src=\"https:\/\/thecharge.ca\/wp-content\/uploads\/2021\/10\/AZ-Level1-scaled.jpg\" alt=\"Level 1 Charging\" width=\"535\" height=\"356\" \/><strong><span class=\"TextRun  BCX0 SCXW95036249\" lang=\"FR-CA\" xml:lang=\"FR-CA\" data-contrast=\"none\"><span class=\"NormalTextRun  BCX0 SCXW95036249\" data-ccp-parastyle=\"Body\" data-ccp-parastyle-defn=\"{&quot;ObjectId&quot;:&quot;0af12da1-cb3b-473e-800c-6d741e3381d4|250&quot;,&quot;ClassId&quot;:1073872969,&quot;Properties&quot;:[134233614,&quot;true&quot;,201340122,&quot;2&quot;,268442635,&quot;22&quot;,335551500,&quot;0&quot;,469769226,&quot;Helvetica Neue,Arial Unicode MS&quot;,469775450,&quot;Body&quot;,469777841,&quot;Helvetica Neue&quot;,469777842,&quot;Arial Unicode MS&quot;,469777843,&quot;Arial Unicode MS&quot;,469777844,&quot;Helvetica Neue&quot;,469778129,&quot;Body&quot;]}\">Recharge de niveau\u202f1<\/span><\/span><span class=\"EOP  BCX0 SCXW95036249\" data-ccp-props=\"{}\">\u00a0<\/span><\/strong><\/p>\n<p><span class=\"TextRun Highlight  BCX0 SCXW156613512\" lang=\"FR-CA\" xml:lang=\"FR-CA\" data-contrast=\"none\"><span class=\"NormalTextRun  BCX0 SCXW156613512\" data-ccp-parastyle=\"Default\" data-ccp-parastyle-defn=\"{&quot;ObjectId&quot;:&quot;0af12da1-cb3b-473e-800c-6d741e3381d4|251&quot;,&quot;ClassId&quot;:1073872969,&quot;Properties&quot;:[134233614,&quot;true&quot;,201340122,&quot;2&quot;,201341983,&quot;0&quot;,268442635,&quot;24&quot;,335551500,&quot;0&quot;,335559738,&quot;160&quot;,335559740,&quot;288&quot;,469769226,&quot;Helvetica Neue,Arial Unicode MS&quot;,469775450,&quot;Default&quot;,469777841,&quot;Helvetica Neue&quot;,469777842,&quot;Arial Unicode MS&quot;,469777843,&quot;Arial Unicode MS&quot;,469777844,&quot;Helvetica Neue&quot;,469778129,&quot;Default&quot;]}\">Recharge aliment\u00e9e \u00e0 120\u202fvolts\u202fCA, ce qui correspond \u00e0 la tension d\u2019une prise domestique standard. Il faut environ de 17 \u00e0 25\u202fheures pour recharger compl\u00e8tement un v\u00e9hicule \u00e9lectrique muni d\u2019une batterie offrant une autonomie de 160\u202fkilom\u00e8tres.<\/span><\/span><span class=\"EOP  BCX0 SCXW156613512\" data-ccp-props=\"{&quot;201341983&quot;:0,&quot;335559738&quot;:160,&quot;335559739&quot;:200,&quot;335559740&quot;:240}\">\u00a0<\/span><\/p>\n<!-- AddThis Advanced Settings generic via filter on the_content --><!-- AddThis Share Buttons generic via filter on the_content -->","protected":false},"excerpt":{"rendered":"<p>Recharge aliment\u00e9e \u00e0 120\u202fvolts\u202fCA, ce qui correspond \u00e0 la tension d\u2019une prise domestique standard. Il faut environ de 17 \u00e0 25\u202fheures pour recharger compl\u00e8tement un v\u00e9hicule \u00e9lectrique muni d\u2019une batterie offrant une autonomie de 160\u202fkilom\u00e8tres. <!-- AddThis Advanced Settings generic via filter on get_the_excerpt --><!-- AddThis Share Buttons generic via filter on get_the_excerpt --><\/p>\n","protected":false},"author":27,"featured_media":3464,"comment_status":"open","ping_status":"open","sticky":false,"template":"","format":"standard","meta":{"_acf_changed":false,"_et_pb_use_builder":"off","_et_pb_old_content":"","_et_gb_content_width":"","inline_featured_image":false,"footnotes":"","_links_to":"","_links_to_target":""},"categories":[152],"tags":[],"class_list":["post-4276","post","type-post","status-publish","format-standard","has-post-thumbnail","hentry","category-glossary-fr","wpautop"],"acf":[],"yoast_head":"<!-- This site is optimized with the Yoast SEO plugin v27.5 - https:\/\/yoast.com\/product\/yoast-seo-wordpress\/ -->\n<title>Recharge de niveau\u202f1 - The Charge<\/title>\n<meta name=\"description\" content=\"Recharge aliment\u00e9e \u00e0 120\u202fvolts\u202fCA, ce qui correspond \u00e0 la tension d\u2019une prise domestique standard. Il faut environ de 17 \u00e0 25\u202fheures pour recharger compl\u00e8tement un v\u00e9hicule \u00e9lectrique muni d\u2019une batterie offrant une autonomie de 160\u202fkilom\u00e8tres.\" \/>\n<meta name=\"robots\" content=\"index, follow, max-snippet:-1, max-image-preview:large, max-video-preview:-1\" \/>\n<link rel=\"canonical\" href=\"https:\/\/thecharge.ca\/fr\/glossary-fr\/recharge-de-niveau-1\/\" \/>\n<meta property=\"og:locale\" content=\"fr_FR\" \/>\n<meta property=\"og:type\" content=\"article\" \/>\n<meta property=\"og:title\" content=\"Recharge de niveau\u202f1 - The Charge\" \/>\n<meta property=\"og:description\" content=\"Recharge aliment\u00e9e \u00e0 120\u202fvolts\u202fCA, ce qui correspond \u00e0 la tension d\u2019une prise domestique standard. Il faut environ de 17 \u00e0 25\u202fheures pour recharger compl\u00e8tement un v\u00e9hicule \u00e9lectrique muni d\u2019une batterie offrant une autonomie de 160\u202fkilom\u00e8tres.\" \/>\n<meta property=\"og:url\" content=\"https:\/\/thecharge.ca\/fr\/glossary-fr\/recharge-de-niveau-1\/\" \/>\n<meta property=\"og:site_name\" content=\"The Charge\" \/>\n<meta property=\"article:published_time\" content=\"2021-11-16T13:57:51+00:00\" \/>\n<meta property=\"article:modified_time\" content=\"2021-12-07T15:40:13+00:00\" \/>\n<meta property=\"og:image\" content=\"https:\/\/thecharge.ca\/wp-content\/uploads\/2021\/09\/Alternating-Current.jpg\" \/>\n\t<meta property=\"og:image:width\" content=\"1443\" \/>\n\t<meta property=\"og:image:height\" content=\"321\" \/>\n\t<meta property=\"og:image:type\" content=\"image\/jpeg\" \/>\n<meta name=\"author\" content=\"Aftab Ahmed\" \/>\n<meta name=\"twitter:card\" content=\"summary_large_image\" \/>\n<meta name=\"twitter:label1\" content=\"\u00c9crit par\" \/>\n\t<meta name=\"twitter:data1\" content=\"Aftab Ahmed\" \/>\n\t<meta name=\"twitter:label2\" content=\"Dur\u00e9e de lecture estim\u00e9e\" \/>\n\t<meta name=\"twitter:data2\" content=\"1 minute\" \/>\n<script type=\"application\/ld+json\" class=\"yoast-schema-graph\">{\"@context\":\"https:\\\/\\\/schema.org\",\"@graph\":[{\"@type\":\"Article\",\"@id\":\"https:\\\/\\\/thecharge.ca\\\/fr\\\/glossary-fr\\\/recharge-de-niveau-1\\\/#article\",\"isPartOf\":{\"@id\":\"https:\\\/\\\/thecharge.ca\\\/fr\\\/glossary-fr\\\/recharge-de-niveau-1\\\/\"},\"author\":{\"name\":\"Aftab Ahmed\",\"@id\":\"https:\\\/\\\/thecharge.ca\\\/#\\\/schema\\\/person\\\/30a01220f9608d8bc7ffd5139d9c9c19\"},\"headline\":\"Recharge de niveau\u202f1\",\"datePublished\":\"2021-11-16T13:57:51+00:00\",\"dateModified\":\"2021-12-07T15:40:13+00:00\",\"mainEntityOfPage\":{\"@id\":\"https:\\\/\\\/thecharge.ca\\\/fr\\\/glossary-fr\\\/recharge-de-niveau-1\\\/\"},\"wordCount\":44,\"commentCount\":0,\"publisher\":{\"@id\":\"https:\\\/\\\/thecharge.ca\\\/#organization\"},\"image\":{\"@id\":\"https:\\\/\\\/thecharge.ca\\\/fr\\\/glossary-fr\\\/recharge-de-niveau-1\\\/#primaryimage\"},\"thumbnailUrl\":\"https:\\\/\\\/thecharge.ca\\\/wp-content\\\/uploads\\\/2021\\\/09\\\/Alternating-Current.jpg\",\"articleSection\":[\"Glossary - Fr\"],\"inLanguage\":\"fr-FR\",\"potentialAction\":[{\"@type\":\"CommentAction\",\"name\":\"Comment\",\"target\":[\"https:\\\/\\\/thecharge.ca\\\/fr\\\/glossary-fr\\\/recharge-de-niveau-1\\\/#respond\"]}]},{\"@type\":\"WebPage\",\"@id\":\"https:\\\/\\\/thecharge.ca\\\/fr\\\/glossary-fr\\\/recharge-de-niveau-1\\\/\",\"url\":\"https:\\\/\\\/thecharge.ca\\\/fr\\\/glossary-fr\\\/recharge-de-niveau-1\\\/\",\"name\":\"Recharge de niveau\u202f1 - The Charge\",\"isPartOf\":{\"@id\":\"https:\\\/\\\/thecharge.ca\\\/#website\"},\"primaryImageOfPage\":{\"@id\":\"https:\\\/\\\/thecharge.ca\\\/fr\\\/glossary-fr\\\/recharge-de-niveau-1\\\/#primaryimage\"},\"image\":{\"@id\":\"https:\\\/\\\/thecharge.ca\\\/fr\\\/glossary-fr\\\/recharge-de-niveau-1\\\/#primaryimage\"},\"thumbnailUrl\":\"https:\\\/\\\/thecharge.ca\\\/wp-content\\\/uploads\\\/2021\\\/09\\\/Alternating-Current.jpg\",\"datePublished\":\"2021-11-16T13:57:51+00:00\",\"dateModified\":\"2021-12-07T15:40:13+00:00\",\"description\":\"Recharge aliment\u00e9e \u00e0 120\u202fvolts\u202fCA, ce qui correspond \u00e0 la tension d\u2019une prise domestique standard. Il faut environ de 17 \u00e0 25\u202fheures pour recharger compl\u00e8tement un v\u00e9hicule \u00e9lectrique muni d\u2019une batterie offrant une autonomie de 160\u202fkilom\u00e8tres.\",\"breadcrumb\":{\"@id\":\"https:\\\/\\\/thecharge.ca\\\/fr\\\/glossary-fr\\\/recharge-de-niveau-1\\\/#breadcrumb\"},\"inLanguage\":\"fr-FR\",\"potentialAction\":[{\"@type\":\"ReadAction\",\"target\":[\"https:\\\/\\\/thecharge.ca\\\/fr\\\/glossary-fr\\\/recharge-de-niveau-1\\\/\"]}]},{\"@type\":\"ImageObject\",\"inLanguage\":\"fr-FR\",\"@id\":\"https:\\\/\\\/thecharge.ca\\\/fr\\\/glossary-fr\\\/recharge-de-niveau-1\\\/#primaryimage\",\"url\":\"https:\\\/\\\/thecharge.ca\\\/wp-content\\\/uploads\\\/2021\\\/09\\\/Alternating-Current.jpg\",\"contentUrl\":\"https:\\\/\\\/thecharge.ca\\\/wp-content\\\/uploads\\\/2021\\\/09\\\/Alternating-Current.jpg\",\"width\":1443,\"height\":321},{\"@type\":\"BreadcrumbList\",\"@id\":\"https:\\\/\\\/thecharge.ca\\\/fr\\\/glossary-fr\\\/recharge-de-niveau-1\\\/#breadcrumb\",\"itemListElement\":[{\"@type\":\"ListItem\",\"position\":1,\"name\":\"Home\",\"item\":\"https:\\\/\\\/thecharge.ca\\\/fr\\\/\"},{\"@type\":\"ListItem\",\"position\":2,\"name\":\"Recharge de niveau\u202f1\"}]},{\"@type\":\"WebSite\",\"@id\":\"https:\\\/\\\/thecharge.ca\\\/#website\",\"url\":\"https:\\\/\\\/thecharge.ca\\\/\",\"name\":\"The Charge\",\"description\":\"Everything about electric vehicles\",\"publisher\":{\"@id\":\"https:\\\/\\\/thecharge.ca\\\/#organization\"},\"potentialAction\":[{\"@type\":\"SearchAction\",\"target\":{\"@type\":\"EntryPoint\",\"urlTemplate\":\"https:\\\/\\\/thecharge.ca\\\/?s={search_term_string}\"},\"query-input\":{\"@type\":\"PropertyValueSpecification\",\"valueRequired\":true,\"valueName\":\"search_term_string\"}}],\"inLanguage\":\"fr-FR\"},{\"@type\":\"Organization\",\"@id\":\"https:\\\/\\\/thecharge.ca\\\/#organization\",\"name\":\"The Charge\",\"url\":\"https:\\\/\\\/thecharge.ca\\\/\",\"logo\":{\"@type\":\"ImageObject\",\"inLanguage\":\"fr-FR\",\"@id\":\"https:\\\/\\\/thecharge.ca\\\/#\\\/schema\\\/logo\\\/image\\\/\",\"url\":\"https:\\\/\\\/thecharge.ca\\\/wp-content\\\/uploads\\\/2021\\\/09\\\/Logo.png\",\"contentUrl\":\"https:\\\/\\\/thecharge.ca\\\/wp-content\\\/uploads\\\/2021\\\/09\\\/Logo.png\",\"width\":130,\"height\":20,\"caption\":\"The Charge\"},\"image\":{\"@id\":\"https:\\\/\\\/thecharge.ca\\\/#\\\/schema\\\/logo\\\/image\\\/\"}},{\"@type\":\"Person\",\"@id\":\"https:\\\/\\\/thecharge.ca\\\/#\\\/schema\\\/person\\\/30a01220f9608d8bc7ffd5139d9c9c19\",\"name\":\"Aftab Ahmed\",\"image\":{\"@type\":\"ImageObject\",\"inLanguage\":\"fr-FR\",\"@id\":\"https:\\\/\\\/secure.gravatar.com\\\/avatar\\\/03ac3553455f3092abf8cfa7bb9afd1198cc2757df836e3f6b624aa0cf0383fa?s=96&d=mm&r=g\",\"url\":\"https:\\\/\\\/secure.gravatar.com\\\/avatar\\\/03ac3553455f3092abf8cfa7bb9afd1198cc2757df836e3f6b624aa0cf0383fa?s=96&d=mm&r=g\",\"contentUrl\":\"https:\\\/\\\/secure.gravatar.com\\\/avatar\\\/03ac3553455f3092abf8cfa7bb9afd1198cc2757df836e3f6b624aa0cf0383fa?s=96&d=mm&r=g\",\"caption\":\"Aftab Ahmed\"},\"url\":\"https:\\\/\\\/thecharge.ca\\\/fr\\\/author\\\/aftab-ahmed\\\/\"}]}<\/script>\n<!-- \/ Yoast SEO plugin. -->","yoast_head_json":{"title":"Recharge de niveau\u202f1 - The Charge","description":"Recharge aliment\u00e9e \u00e0 120\u202fvolts\u202fCA, ce qui correspond \u00e0 la tension d\u2019une prise domestique standard. Il faut environ de 17 \u00e0 25\u202fheures pour recharger compl\u00e8tement un v\u00e9hicule \u00e9lectrique muni d\u2019une batterie offrant une autonomie de 160\u202fkilom\u00e8tres.","robots":{"index":"index","follow":"follow","max-snippet":"max-snippet:-1","max-image-preview":"max-image-preview:large","max-video-preview":"max-video-preview:-1"},"canonical":"https:\/\/thecharge.ca\/fr\/glossary-fr\/recharge-de-niveau-1\/","og_locale":"fr_FR","og_type":"article","og_title":"Recharge de niveau\u202f1 - The Charge","og_description":"Recharge aliment\u00e9e \u00e0 120\u202fvolts\u202fCA, ce qui correspond \u00e0 la tension d\u2019une prise domestique standard. Il faut environ de 17 \u00e0 25\u202fheures pour recharger compl\u00e8tement un v\u00e9hicule \u00e9lectrique muni d\u2019une batterie offrant une autonomie de 160\u202fkilom\u00e8tres.","og_url":"https:\/\/thecharge.ca\/fr\/glossary-fr\/recharge-de-niveau-1\/","og_site_name":"The Charge","article_published_time":"2021-11-16T13:57:51+00:00","article_modified_time":"2021-12-07T15:40:13+00:00","og_image":[{"width":1443,"height":321,"url":"https:\/\/thecharge.ca\/wp-content\/uploads\/2021\/09\/Alternating-Current.jpg","type":"image\/jpeg"}],"author":"Aftab Ahmed","twitter_card":"summary_large_image","twitter_misc":{"\u00c9crit par":"Aftab Ahmed","Dur\u00e9e de lecture estim\u00e9e":"1 minute"},"schema":{"@context":"https:\/\/schema.org","@graph":[{"@type":"Article","@id":"https:\/\/thecharge.ca\/fr\/glossary-fr\/recharge-de-niveau-1\/#article","isPartOf":{"@id":"https:\/\/thecharge.ca\/fr\/glossary-fr\/recharge-de-niveau-1\/"},"author":{"name":"Aftab Ahmed","@id":"https:\/\/thecharge.ca\/#\/schema\/person\/30a01220f9608d8bc7ffd5139d9c9c19"},"headline":"Recharge de niveau\u202f1","datePublished":"2021-11-16T13:57:51+00:00","dateModified":"2021-12-07T15:40:13+00:00","mainEntityOfPage":{"@id":"https:\/\/thecharge.ca\/fr\/glossary-fr\/recharge-de-niveau-1\/"},"wordCount":44,"commentCount":0,"publisher":{"@id":"https:\/\/thecharge.ca\/#organization"},"image":{"@id":"https:\/\/thecharge.ca\/fr\/glossary-fr\/recharge-de-niveau-1\/#primaryimage"},"thumbnailUrl":"https:\/\/thecharge.ca\/wp-content\/uploads\/2021\/09\/Alternating-Current.jpg","articleSection":["Glossary - Fr"],"inLanguage":"fr-FR","potentialAction":[{"@type":"CommentAction","name":"Comment","target":["https:\/\/thecharge.ca\/fr\/glossary-fr\/recharge-de-niveau-1\/#respond"]}]},{"@type":"WebPage","@id":"https:\/\/thecharge.ca\/fr\/glossary-fr\/recharge-de-niveau-1\/","url":"https:\/\/thecharge.ca\/fr\/glossary-fr\/recharge-de-niveau-1\/","name":"Recharge de niveau\u202f1 - The Charge","isPartOf":{"@id":"https:\/\/thecharge.ca\/#website"},"primaryImageOfPage":{"@id":"https:\/\/thecharge.ca\/fr\/glossary-fr\/recharge-de-niveau-1\/#primaryimage"},"image":{"@id":"https:\/\/thecharge.ca\/fr\/glossary-fr\/recharge-de-niveau-1\/#primaryimage"},"thumbnailUrl":"https:\/\/thecharge.ca\/wp-content\/uploads\/2021\/09\/Alternating-Current.jpg","datePublished":"2021-11-16T13:57:51+00:00","dateModified":"2021-12-07T15:40:13+00:00","description":"Recharge aliment\u00e9e \u00e0 120\u202fvolts\u202fCA, ce qui correspond \u00e0 la tension d\u2019une prise domestique standard. Il faut environ de 17 \u00e0 25\u202fheures pour recharger compl\u00e8tement un v\u00e9hicule \u00e9lectrique muni d\u2019une batterie offrant une autonomie de 160\u202fkilom\u00e8tres.","breadcrumb":{"@id":"https:\/\/thecharge.ca\/fr\/glossary-fr\/recharge-de-niveau-1\/#breadcrumb"},"inLanguage":"fr-FR","potentialAction":[{"@type":"ReadAction","target":["https:\/\/thecharge.ca\/fr\/glossary-fr\/recharge-de-niveau-1\/"]}]},{"@type":"ImageObject","inLanguage":"fr-FR","@id":"https:\/\/thecharge.ca\/fr\/glossary-fr\/recharge-de-niveau-1\/#primaryimage","url":"https:\/\/thecharge.ca\/wp-content\/uploads\/2021\/09\/Alternating-Current.jpg","contentUrl":"https:\/\/thecharge.ca\/wp-content\/uploads\/2021\/09\/Alternating-Current.jpg","width":1443,"height":321},{"@type":"BreadcrumbList","@id":"https:\/\/thecharge.ca\/fr\/glossary-fr\/recharge-de-niveau-1\/#breadcrumb","itemListElement":[{"@type":"ListItem","position":1,"name":"Home","item":"https:\/\/thecharge.ca\/fr\/"},{"@type":"ListItem","position":2,"name":"Recharge de niveau\u202f1"}]},{"@type":"WebSite","@id":"https:\/\/thecharge.ca\/#website","url":"https:\/\/thecharge.ca\/","name":"The Charge","description":"Everything about electric vehicles","publisher":{"@id":"https:\/\/thecharge.ca\/#organization"},"potentialAction":[{"@type":"SearchAction","target":{"@type":"EntryPoint","urlTemplate":"https:\/\/thecharge.ca\/?s={search_term_string}"},"query-input":{"@type":"PropertyValueSpecification","valueRequired":true,"valueName":"search_term_string"}}],"inLanguage":"fr-FR"},{"@type":"Organization","@id":"https:\/\/thecharge.ca\/#organization","name":"The Charge","url":"https:\/\/thecharge.ca\/","logo":{"@type":"ImageObject","inLanguage":"fr-FR","@id":"https:\/\/thecharge.ca\/#\/schema\/logo\/image\/","url":"https:\/\/thecharge.ca\/wp-content\/uploads\/2021\/09\/Logo.png","contentUrl":"https:\/\/thecharge.ca\/wp-content\/uploads\/2021\/09\/Logo.png","width":130,"height":20,"caption":"The Charge"},"image":{"@id":"https:\/\/thecharge.ca\/#\/schema\/logo\/image\/"}},{"@type":"Person","@id":"https:\/\/thecharge.ca\/#\/schema\/person\/30a01220f9608d8bc7ffd5139d9c9c19","name":"Aftab Ahmed","image":{"@type":"ImageObject","inLanguage":"fr-FR","@id":"https:\/\/secure.gravatar.com\/avatar\/03ac3553455f3092abf8cfa7bb9afd1198cc2757df836e3f6b624aa0cf0383fa?s=96&d=mm&r=g","url":"https:\/\/secure.gravatar.com\/avatar\/03ac3553455f3092abf8cfa7bb9afd1198cc2757df836e3f6b624aa0cf0383fa?s=96&d=mm&r=g","contentUrl":"https:\/\/secure.gravatar.com\/avatar\/03ac3553455f3092abf8cfa7bb9afd1198cc2757df836e3f6b624aa0cf0383fa?s=96&d=mm&r=g","caption":"Aftab Ahmed"},"url":"https:\/\/thecharge.ca\/fr\/author\/aftab-ahmed\/"}]}},"_links":{"self":[{"href":"https:\/\/thecharge.ca\/fr\/wp-json\/wp\/v2\/posts\/4276","targetHints":{"allow":["GET"]}}],"collection":[{"href":"https:\/\/thecharge.ca\/fr\/wp-json\/wp\/v2\/posts"}],"about":[{"href":"https:\/\/thecharge.ca\/fr\/wp-json\/wp\/v2\/types\/post"}],"author":[{"embeddable":true,"href":"https:\/\/thecharge.ca\/fr\/wp-json\/wp\/v2\/users\/27"}],"replies":[{"embeddable":true,"href":"https:\/\/thecharge.ca\/fr\/wp-json\/wp\/v2\/comments?post=4276"}],"version-history":[{"count":0,"href":"https:\/\/thecharge.ca\/fr\/wp-json\/wp\/v2\/posts\/4276\/revisions"}],"wp:featuredmedia":[{"embeddable":true,"href":"https:\/\/thecharge.ca\/fr\/wp-json\/wp\/v2\/media\/3464"}],"wp:attachment":[{"href":"https:\/\/thecharge.ca\/fr\/wp-json\/wp\/v2\/media?parent=4276"}],"wp:term":[{"taxonomy":"category","embeddable":true,"href":"https:\/\/thecharge.ca\/fr\/wp-json\/wp\/v2\/categories?post=4276"},{"taxonomy":"post_tag","embeddable":true,"href":"https:\/\/thecharge.ca\/fr\/wp-json\/wp\/v2\/tags?post=4276"}],"curies":[{"name":"wp","href":"https:\/\/api.w.org\/{rel}","templated":true}]}}