{"id":4289,"date":"2021-11-16T14:15:43","date_gmt":"2021-11-16T14:15:43","guid":{"rendered":"https:\/\/thecharge.ca\/?p=4289"},"modified":"2021-11-16T14:15:43","modified_gmt":"2021-11-16T14:15:43","slug":"connecteur-sae-combo-ccs","status":"publish","type":"post","link":"https:\/\/thecharge.ca\/fr\/glossary-fr\/connecteur-sae-combo-ccs\/","title":{"rendered":"Connecteur SAE Combo CCS"},"content":{"rendered":"<p><img loading=\"lazy\" decoding=\"async\" class=\"alignright wp-image-751 \" src=\"https:\/\/thecharge.ca\/wp-content\/uploads\/2021\/10\/AZ-SAE-Combo-CCS.jpg\" alt=\"SAE Combo CCS\" width=\"535\" height=\"356\" \/><strong><span class=\"TextRun Highlight  BCX0 SCXW164912797\" lang=\"EN-CA\" xml:lang=\"EN-CA\" data-contrast=\"none\"><span class=\"NormalTextRun SpellingErrorV2   BCX0 DefaultHighlightTransition SCXW164912797\" data-ccp-parastyle=\"Default\" data-ccp-parastyle-defn=\"{&quot;ObjectId&quot;:&quot;0af12da1-cb3b-473e-800c-6d741e3381d4|251&quot;,&quot;ClassId&quot;:1073872969,&quot;Properties&quot;:[134233614,&quot;true&quot;,201340122,&quot;2&quot;,201341983,&quot;0&quot;,268442635,&quot;24&quot;,335551500,&quot;0&quot;,335559738,&quot;160&quot;,335559740,&quot;288&quot;,469769226,&quot;Helvetica Neue,Arial Unicode MS&quot;,469775450,&quot;Default&quot;,469777841,&quot;Helvetica Neue&quot;,469777842,&quot;Arial Unicode MS&quot;,469777843,&quot;Arial Unicode MS&quot;,469777844,&quot;Helvetica Neue&quot;,469778129,&quot;Default&quot;]}\">Connecteur<\/span><span class=\"NormalTextRun  BCX0 SCXW164912797\" data-ccp-parastyle=\"Default\">\u00a0SAE Combo CCS<\/span><\/span><span class=\"EOP  BCX0 SCXW164912797\" data-ccp-props=\"{&quot;201341983&quot;:0,&quot;335559738&quot;:160,&quot;335559740&quot;:240}\">\u00a0<\/span><\/strong><\/p>\n<p><span class=\"TextRun Highlight  BCX0 SCXW17435762\" lang=\"FR-CA\" xml:lang=\"FR-CA\" data-contrast=\"none\"><span class=\"NormalTextRun  BCX0 SCXW17435762\" data-ccp-parastyle=\"Default\" data-ccp-parastyle-defn=\"{&quot;ObjectId&quot;:&quot;0af12da1-cb3b-473e-800c-6d741e3381d4|251&quot;,&quot;ClassId&quot;:1073872969,&quot;Properties&quot;:[134233614,&quot;true&quot;,201340122,&quot;2&quot;,201341983,&quot;0&quot;,268442635,&quot;24&quot;,335551500,&quot;0&quot;,335559738,&quot;160&quot;,335559740,&quot;288&quot;,469769226,&quot;Helvetica Neue,Arial Unicode MS&quot;,469775450,&quot;Default&quot;,469777841,&quot;Helvetica Neue&quot;,469777842,&quot;Arial Unicode MS&quot;,469777843,&quot;Arial Unicode MS&quot;,469777844,&quot;Helvetica Neue&quot;,469778129,&quot;Default&quot;]}\">Version am\u00e9lior\u00e9e d\u2019un connecteur pour recharge de niveau\u202f2, comportant deux contacts \u00e9lectriques suppl\u00e9mentaires pour acc\u00e9l\u00e9rer la recharge. Ce connecteur est compatible avec les proc\u00e9d\u00e9s de recharge en courant alternatif et continu jusqu\u2019\u00e0 une puissance de 170\u202fkW.<\/span><\/span><span class=\"EOP  BCX0 SCXW17435762\" data-ccp-props=\"{&quot;201341983&quot;:0,&quot;335559738&quot;:160,&quot;335559740&quot;:240}\">\u00a0<\/span><\/p>\n<!-- AddThis Advanced Settings generic via filter on the_content --><!-- AddThis Share Buttons generic via filter on the_content -->","protected":false},"excerpt":{"rendered":"<p>Version am\u00e9lior\u00e9e d\u2019un connecteur pour recharge de niveau\u202f2, comportant deux contacts \u00e9lectriques suppl\u00e9mentaires pour acc\u00e9l\u00e9rer la recharge. Ce connecteur est compatible avec les proc\u00e9d\u00e9s de recharge en courant alternatif et continu jusqu\u2019\u00e0 une puissance de 170\u202fkW. <!-- AddThis Advanced Settings generic via filter on get_the_excerpt --><!-- AddThis Share Buttons generic via filter on get_the_excerpt --><\/p>\n","protected":false},"author":27,"featured_media":3464,"comment_status":"open","ping_status":"open","sticky":false,"template":"","format":"standard","meta":{"_acf_changed":false,"_et_pb_use_builder":"off","_et_pb_old_content":"","_et_gb_content_width":"","inline_featured_image":false,"footnotes":"","_links_to":"","_links_to_target":""},"categories":[152],"tags":[],"class_list":["post-4289","post","type-post","status-publish","format-standard","has-post-thumbnail","hentry","category-glossary-fr","wpautop"],"acf":[],"yoast_head":"<!-- This site is optimized with the Yoast SEO plugin v27.4 - https:\/\/yoast.com\/product\/yoast-seo-wordpress\/ -->\n<title>Connecteur SAE Combo CCS - The Charge<\/title>\n<meta name=\"description\" content=\"Version am\u00e9lior\u00e9e d\u2019un connecteur pour recharge de niveau\u202f2, comportant deux contacts \u00e9lectriques suppl\u00e9mentaires pour acc\u00e9l\u00e9rer la recharge. Ce connecteur est compatible avec les proc\u00e9d\u00e9s de recharge en courant alternatif et continu jusqu\u2019\u00e0 une puissance de 170\u202fkW.\" \/>\n<meta name=\"robots\" content=\"index, follow, max-snippet:-1, max-image-preview:large, max-video-preview:-1\" \/>\n<link rel=\"canonical\" href=\"https:\/\/thecharge.ca\/fr\/glossary-fr\/connecteur-sae-combo-ccs\/\" \/>\n<meta property=\"og:locale\" content=\"fr_FR\" \/>\n<meta property=\"og:type\" content=\"article\" \/>\n<meta property=\"og:title\" content=\"Connecteur SAE Combo CCS - The Charge\" \/>\n<meta property=\"og:description\" content=\"Version am\u00e9lior\u00e9e d\u2019un connecteur pour recharge de niveau\u202f2, comportant deux contacts \u00e9lectriques suppl\u00e9mentaires pour acc\u00e9l\u00e9rer la recharge. Ce connecteur est compatible avec les proc\u00e9d\u00e9s de recharge en courant alternatif et continu jusqu\u2019\u00e0 une puissance de 170\u202fkW.\" \/>\n<meta property=\"og:url\" content=\"https:\/\/thecharge.ca\/fr\/glossary-fr\/connecteur-sae-combo-ccs\/\" \/>\n<meta property=\"og:site_name\" content=\"The Charge\" \/>\n<meta property=\"article:published_time\" content=\"2021-11-16T14:15:43+00:00\" \/>\n<meta property=\"og:image\" content=\"https:\/\/thecharge.ca\/wp-content\/uploads\/2021\/09\/Alternating-Current.jpg\" \/>\n\t<meta property=\"og:image:width\" content=\"1443\" \/>\n\t<meta property=\"og:image:height\" content=\"321\" \/>\n\t<meta property=\"og:image:type\" content=\"image\/jpeg\" \/>\n<meta name=\"author\" content=\"Aftab Ahmed\" \/>\n<meta name=\"twitter:card\" content=\"summary_large_image\" \/>\n<meta name=\"twitter:label1\" content=\"\u00c9crit par\" \/>\n\t<meta name=\"twitter:data1\" content=\"Aftab Ahmed\" \/>\n\t<meta name=\"twitter:label2\" content=\"Dur\u00e9e de lecture estim\u00e9e\" \/>\n\t<meta name=\"twitter:data2\" content=\"1 minute\" \/>\n<script type=\"application\/ld+json\" class=\"yoast-schema-graph\">{\"@context\":\"https:\\\/\\\/schema.org\",\"@graph\":[{\"@type\":\"Article\",\"@id\":\"https:\\\/\\\/thecharge.ca\\\/fr\\\/glossary-fr\\\/connecteur-sae-combo-ccs\\\/#article\",\"isPartOf\":{\"@id\":\"https:\\\/\\\/thecharge.ca\\\/fr\\\/glossary-fr\\\/connecteur-sae-combo-ccs\\\/\"},\"author\":{\"name\":\"Aftab Ahmed\",\"@id\":\"https:\\\/\\\/thecharge.ca\\\/#\\\/schema\\\/person\\\/30a01220f9608d8bc7ffd5139d9c9c19\"},\"headline\":\"Connecteur SAE Combo CCS\",\"datePublished\":\"2021-11-16T14:15:43+00:00\",\"mainEntityOfPage\":{\"@id\":\"https:\\\/\\\/thecharge.ca\\\/fr\\\/glossary-fr\\\/connecteur-sae-combo-ccs\\\/\"},\"wordCount\":52,\"commentCount\":0,\"publisher\":{\"@id\":\"https:\\\/\\\/thecharge.ca\\\/#organization\"},\"image\":{\"@id\":\"https:\\\/\\\/thecharge.ca\\\/fr\\\/glossary-fr\\\/connecteur-sae-combo-ccs\\\/#primaryimage\"},\"thumbnailUrl\":\"https:\\\/\\\/thecharge.ca\\\/wp-content\\\/uploads\\\/2021\\\/09\\\/Alternating-Current.jpg\",\"articleSection\":[\"Glossary - Fr\"],\"inLanguage\":\"fr-FR\",\"potentialAction\":[{\"@type\":\"CommentAction\",\"name\":\"Comment\",\"target\":[\"https:\\\/\\\/thecharge.ca\\\/fr\\\/glossary-fr\\\/connecteur-sae-combo-ccs\\\/#respond\"]}]},{\"@type\":\"WebPage\",\"@id\":\"https:\\\/\\\/thecharge.ca\\\/fr\\\/glossary-fr\\\/connecteur-sae-combo-ccs\\\/\",\"url\":\"https:\\\/\\\/thecharge.ca\\\/fr\\\/glossary-fr\\\/connecteur-sae-combo-ccs\\\/\",\"name\":\"Connecteur SAE Combo CCS - The Charge\",\"isPartOf\":{\"@id\":\"https:\\\/\\\/thecharge.ca\\\/#website\"},\"primaryImageOfPage\":{\"@id\":\"https:\\\/\\\/thecharge.ca\\\/fr\\\/glossary-fr\\\/connecteur-sae-combo-ccs\\\/#primaryimage\"},\"image\":{\"@id\":\"https:\\\/\\\/thecharge.ca\\\/fr\\\/glossary-fr\\\/connecteur-sae-combo-ccs\\\/#primaryimage\"},\"thumbnailUrl\":\"https:\\\/\\\/thecharge.ca\\\/wp-content\\\/uploads\\\/2021\\\/09\\\/Alternating-Current.jpg\",\"datePublished\":\"2021-11-16T14:15:43+00:00\",\"description\":\"Version am\u00e9lior\u00e9e d\u2019un connecteur pour recharge de niveau\u202f2, comportant deux contacts \u00e9lectriques suppl\u00e9mentaires pour acc\u00e9l\u00e9rer la recharge. Ce connecteur est compatible avec les proc\u00e9d\u00e9s de recharge en courant alternatif et continu jusqu\u2019\u00e0 une puissance de 170\u202fkW.\",\"breadcrumb\":{\"@id\":\"https:\\\/\\\/thecharge.ca\\\/fr\\\/glossary-fr\\\/connecteur-sae-combo-ccs\\\/#breadcrumb\"},\"inLanguage\":\"fr-FR\",\"potentialAction\":[{\"@type\":\"ReadAction\",\"target\":[\"https:\\\/\\\/thecharge.ca\\\/fr\\\/glossary-fr\\\/connecteur-sae-combo-ccs\\\/\"]}]},{\"@type\":\"ImageObject\",\"inLanguage\":\"fr-FR\",\"@id\":\"https:\\\/\\\/thecharge.ca\\\/fr\\\/glossary-fr\\\/connecteur-sae-combo-ccs\\\/#primaryimage\",\"url\":\"https:\\\/\\\/thecharge.ca\\\/wp-content\\\/uploads\\\/2021\\\/09\\\/Alternating-Current.jpg\",\"contentUrl\":\"https:\\\/\\\/thecharge.ca\\\/wp-content\\\/uploads\\\/2021\\\/09\\\/Alternating-Current.jpg\",\"width\":1443,\"height\":321},{\"@type\":\"BreadcrumbList\",\"@id\":\"https:\\\/\\\/thecharge.ca\\\/fr\\\/glossary-fr\\\/connecteur-sae-combo-ccs\\\/#breadcrumb\",\"itemListElement\":[{\"@type\":\"ListItem\",\"position\":1,\"name\":\"Home\",\"item\":\"https:\\\/\\\/thecharge.ca\\\/fr\\\/\"},{\"@type\":\"ListItem\",\"position\":2,\"name\":\"Connecteur SAE Combo CCS\"}]},{\"@type\":\"WebSite\",\"@id\":\"https:\\\/\\\/thecharge.ca\\\/#website\",\"url\":\"https:\\\/\\\/thecharge.ca\\\/\",\"name\":\"The Charge\",\"description\":\"Everything about electric vehicles\",\"publisher\":{\"@id\":\"https:\\\/\\\/thecharge.ca\\\/#organization\"},\"potentialAction\":[{\"@type\":\"SearchAction\",\"target\":{\"@type\":\"EntryPoint\",\"urlTemplate\":\"https:\\\/\\\/thecharge.ca\\\/?s={search_term_string}\"},\"query-input\":{\"@type\":\"PropertyValueSpecification\",\"valueRequired\":true,\"valueName\":\"search_term_string\"}}],\"inLanguage\":\"fr-FR\"},{\"@type\":\"Organization\",\"@id\":\"https:\\\/\\\/thecharge.ca\\\/#organization\",\"name\":\"The Charge\",\"url\":\"https:\\\/\\\/thecharge.ca\\\/\",\"logo\":{\"@type\":\"ImageObject\",\"inLanguage\":\"fr-FR\",\"@id\":\"https:\\\/\\\/thecharge.ca\\\/#\\\/schema\\\/logo\\\/image\\\/\",\"url\":\"https:\\\/\\\/thecharge.ca\\\/wp-content\\\/uploads\\\/2021\\\/09\\\/Logo.png\",\"contentUrl\":\"https:\\\/\\\/thecharge.ca\\\/wp-content\\\/uploads\\\/2021\\\/09\\\/Logo.png\",\"width\":130,\"height\":20,\"caption\":\"The Charge\"},\"image\":{\"@id\":\"https:\\\/\\\/thecharge.ca\\\/#\\\/schema\\\/logo\\\/image\\\/\"}},{\"@type\":\"Person\",\"@id\":\"https:\\\/\\\/thecharge.ca\\\/#\\\/schema\\\/person\\\/30a01220f9608d8bc7ffd5139d9c9c19\",\"name\":\"Aftab Ahmed\",\"image\":{\"@type\":\"ImageObject\",\"inLanguage\":\"fr-FR\",\"@id\":\"https:\\\/\\\/secure.gravatar.com\\\/avatar\\\/03ac3553455f3092abf8cfa7bb9afd1198cc2757df836e3f6b624aa0cf0383fa?s=96&d=mm&r=g\",\"url\":\"https:\\\/\\\/secure.gravatar.com\\\/avatar\\\/03ac3553455f3092abf8cfa7bb9afd1198cc2757df836e3f6b624aa0cf0383fa?s=96&d=mm&r=g\",\"contentUrl\":\"https:\\\/\\\/secure.gravatar.com\\\/avatar\\\/03ac3553455f3092abf8cfa7bb9afd1198cc2757df836e3f6b624aa0cf0383fa?s=96&d=mm&r=g\",\"caption\":\"Aftab Ahmed\"},\"url\":\"https:\\\/\\\/thecharge.ca\\\/fr\\\/author\\\/aftab-ahmed\\\/\"}]}<\/script>\n<!-- \/ Yoast SEO plugin. -->","yoast_head_json":{"title":"Connecteur SAE Combo CCS - The Charge","description":"Version am\u00e9lior\u00e9e d\u2019un connecteur pour recharge de niveau\u202f2, comportant deux contacts \u00e9lectriques suppl\u00e9mentaires pour acc\u00e9l\u00e9rer la recharge. Ce connecteur est compatible avec les proc\u00e9d\u00e9s de recharge en courant alternatif et continu jusqu\u2019\u00e0 une puissance de 170\u202fkW.","robots":{"index":"index","follow":"follow","max-snippet":"max-snippet:-1","max-image-preview":"max-image-preview:large","max-video-preview":"max-video-preview:-1"},"canonical":"https:\/\/thecharge.ca\/fr\/glossary-fr\/connecteur-sae-combo-ccs\/","og_locale":"fr_FR","og_type":"article","og_title":"Connecteur SAE Combo CCS - The Charge","og_description":"Version am\u00e9lior\u00e9e d\u2019un connecteur pour recharge de niveau\u202f2, comportant deux contacts \u00e9lectriques suppl\u00e9mentaires pour acc\u00e9l\u00e9rer la recharge. Ce connecteur est compatible avec les proc\u00e9d\u00e9s de recharge en courant alternatif et continu jusqu\u2019\u00e0 une puissance de 170\u202fkW.","og_url":"https:\/\/thecharge.ca\/fr\/glossary-fr\/connecteur-sae-combo-ccs\/","og_site_name":"The Charge","article_published_time":"2021-11-16T14:15:43+00:00","og_image":[{"width":1443,"height":321,"url":"https:\/\/thecharge.ca\/wp-content\/uploads\/2021\/09\/Alternating-Current.jpg","type":"image\/jpeg"}],"author":"Aftab Ahmed","twitter_card":"summary_large_image","twitter_misc":{"\u00c9crit par":"Aftab Ahmed","Dur\u00e9e de lecture estim\u00e9e":"1 minute"},"schema":{"@context":"https:\/\/schema.org","@graph":[{"@type":"Article","@id":"https:\/\/thecharge.ca\/fr\/glossary-fr\/connecteur-sae-combo-ccs\/#article","isPartOf":{"@id":"https:\/\/thecharge.ca\/fr\/glossary-fr\/connecteur-sae-combo-ccs\/"},"author":{"name":"Aftab Ahmed","@id":"https:\/\/thecharge.ca\/#\/schema\/person\/30a01220f9608d8bc7ffd5139d9c9c19"},"headline":"Connecteur SAE Combo CCS","datePublished":"2021-11-16T14:15:43+00:00","mainEntityOfPage":{"@id":"https:\/\/thecharge.ca\/fr\/glossary-fr\/connecteur-sae-combo-ccs\/"},"wordCount":52,"commentCount":0,"publisher":{"@id":"https:\/\/thecharge.ca\/#organization"},"image":{"@id":"https:\/\/thecharge.ca\/fr\/glossary-fr\/connecteur-sae-combo-ccs\/#primaryimage"},"thumbnailUrl":"https:\/\/thecharge.ca\/wp-content\/uploads\/2021\/09\/Alternating-Current.jpg","articleSection":["Glossary - Fr"],"inLanguage":"fr-FR","potentialAction":[{"@type":"CommentAction","name":"Comment","target":["https:\/\/thecharge.ca\/fr\/glossary-fr\/connecteur-sae-combo-ccs\/#respond"]}]},{"@type":"WebPage","@id":"https:\/\/thecharge.ca\/fr\/glossary-fr\/connecteur-sae-combo-ccs\/","url":"https:\/\/thecharge.ca\/fr\/glossary-fr\/connecteur-sae-combo-ccs\/","name":"Connecteur SAE Combo CCS - The Charge","isPartOf":{"@id":"https:\/\/thecharge.ca\/#website"},"primaryImageOfPage":{"@id":"https:\/\/thecharge.ca\/fr\/glossary-fr\/connecteur-sae-combo-ccs\/#primaryimage"},"image":{"@id":"https:\/\/thecharge.ca\/fr\/glossary-fr\/connecteur-sae-combo-ccs\/#primaryimage"},"thumbnailUrl":"https:\/\/thecharge.ca\/wp-content\/uploads\/2021\/09\/Alternating-Current.jpg","datePublished":"2021-11-16T14:15:43+00:00","description":"Version am\u00e9lior\u00e9e d\u2019un connecteur pour recharge de niveau\u202f2, comportant deux contacts \u00e9lectriques suppl\u00e9mentaires pour acc\u00e9l\u00e9rer la recharge. Ce connecteur est compatible avec les proc\u00e9d\u00e9s de recharge en courant alternatif et continu jusqu\u2019\u00e0 une puissance de 170\u202fkW.","breadcrumb":{"@id":"https:\/\/thecharge.ca\/fr\/glossary-fr\/connecteur-sae-combo-ccs\/#breadcrumb"},"inLanguage":"fr-FR","potentialAction":[{"@type":"ReadAction","target":["https:\/\/thecharge.ca\/fr\/glossary-fr\/connecteur-sae-combo-ccs\/"]}]},{"@type":"ImageObject","inLanguage":"fr-FR","@id":"https:\/\/thecharge.ca\/fr\/glossary-fr\/connecteur-sae-combo-ccs\/#primaryimage","url":"https:\/\/thecharge.ca\/wp-content\/uploads\/2021\/09\/Alternating-Current.jpg","contentUrl":"https:\/\/thecharge.ca\/wp-content\/uploads\/2021\/09\/Alternating-Current.jpg","width":1443,"height":321},{"@type":"BreadcrumbList","@id":"https:\/\/thecharge.ca\/fr\/glossary-fr\/connecteur-sae-combo-ccs\/#breadcrumb","itemListElement":[{"@type":"ListItem","position":1,"name":"Home","item":"https:\/\/thecharge.ca\/fr\/"},{"@type":"ListItem","position":2,"name":"Connecteur SAE Combo CCS"}]},{"@type":"WebSite","@id":"https:\/\/thecharge.ca\/#website","url":"https:\/\/thecharge.ca\/","name":"The Charge","description":"Everything about electric vehicles","publisher":{"@id":"https:\/\/thecharge.ca\/#organization"},"potentialAction":[{"@type":"SearchAction","target":{"@type":"EntryPoint","urlTemplate":"https:\/\/thecharge.ca\/?s={search_term_string}"},"query-input":{"@type":"PropertyValueSpecification","valueRequired":true,"valueName":"search_term_string"}}],"inLanguage":"fr-FR"},{"@type":"Organization","@id":"https:\/\/thecharge.ca\/#organization","name":"The Charge","url":"https:\/\/thecharge.ca\/","logo":{"@type":"ImageObject","inLanguage":"fr-FR","@id":"https:\/\/thecharge.ca\/#\/schema\/logo\/image\/","url":"https:\/\/thecharge.ca\/wp-content\/uploads\/2021\/09\/Logo.png","contentUrl":"https:\/\/thecharge.ca\/wp-content\/uploads\/2021\/09\/Logo.png","width":130,"height":20,"caption":"The Charge"},"image":{"@id":"https:\/\/thecharge.ca\/#\/schema\/logo\/image\/"}},{"@type":"Person","@id":"https:\/\/thecharge.ca\/#\/schema\/person\/30a01220f9608d8bc7ffd5139d9c9c19","name":"Aftab Ahmed","image":{"@type":"ImageObject","inLanguage":"fr-FR","@id":"https:\/\/secure.gravatar.com\/avatar\/03ac3553455f3092abf8cfa7bb9afd1198cc2757df836e3f6b624aa0cf0383fa?s=96&d=mm&r=g","url":"https:\/\/secure.gravatar.com\/avatar\/03ac3553455f3092abf8cfa7bb9afd1198cc2757df836e3f6b624aa0cf0383fa?s=96&d=mm&r=g","contentUrl":"https:\/\/secure.gravatar.com\/avatar\/03ac3553455f3092abf8cfa7bb9afd1198cc2757df836e3f6b624aa0cf0383fa?s=96&d=mm&r=g","caption":"Aftab Ahmed"},"url":"https:\/\/thecharge.ca\/fr\/author\/aftab-ahmed\/"}]}},"_links":{"self":[{"href":"https:\/\/thecharge.ca\/fr\/wp-json\/wp\/v2\/posts\/4289","targetHints":{"allow":["GET"]}}],"collection":[{"href":"https:\/\/thecharge.ca\/fr\/wp-json\/wp\/v2\/posts"}],"about":[{"href":"https:\/\/thecharge.ca\/fr\/wp-json\/wp\/v2\/types\/post"}],"author":[{"embeddable":true,"href":"https:\/\/thecharge.ca\/fr\/wp-json\/wp\/v2\/users\/27"}],"replies":[{"embeddable":true,"href":"https:\/\/thecharge.ca\/fr\/wp-json\/wp\/v2\/comments?post=4289"}],"version-history":[{"count":0,"href":"https:\/\/thecharge.ca\/fr\/wp-json\/wp\/v2\/posts\/4289\/revisions"}],"wp:featuredmedia":[{"embeddable":true,"href":"https:\/\/thecharge.ca\/fr\/wp-json\/wp\/v2\/media\/3464"}],"wp:attachment":[{"href":"https:\/\/thecharge.ca\/fr\/wp-json\/wp\/v2\/media?parent=4289"}],"wp:term":[{"taxonomy":"category","embeddable":true,"href":"https:\/\/thecharge.ca\/fr\/wp-json\/wp\/v2\/categories?post=4289"},{"taxonomy":"post_tag","embeddable":true,"href":"https:\/\/thecharge.ca\/fr\/wp-json\/wp\/v2\/tags?post=4289"}],"curies":[{"name":"wp","href":"https:\/\/api.w.org\/{rel}","templated":true}]}}