{"id":4591,"date":"2021-11-24T21:22:15","date_gmt":"2021-11-24T21:22:15","guid":{"rendered":"https:\/\/thecharge.ca\/?p=4591"},"modified":"2021-12-15T19:30:33","modified_gmt":"2021-12-15T19:30:33","slug":"le-prix-des-ve-vous-refroidit-il-cache-pourtant-des-economies","status":"publish","type":"post","link":"https:\/\/thecharge.ca\/fr\/articles-en-vedette\/le-prix-des-ve-vous-refroidit-il-cache-pourtant-des-economies\/","title":{"rendered":"Le prix des VE vous refroidit? Il cache pourtant des \u00e9conomies!"},"content":{"rendered":"<p><input class=\"article-logo-brand\" name=\"article-logo-brand\" type=\"hidden\" value=\"charge\" \/><br \/>\nL\u2019achat d\u2019un v\u00e9hicule ne se fait pas \u00e0 la l\u00e9g\u00e8re. Apr\u00e8s tout, il s\u2019agit du deuxi\u00e8me investissement en importance apr\u00e8s l\u2019achat d\u2019une maison. Et l\u2019achat d\u2019un v\u00e9hicule \u00e9lectrique (VE) suppose l\u2019examen de crit\u00e8res suppl\u00e9mentaires, comme l\u2019autonomie du v\u00e9hicule et la possibilit\u00e9 d\u2019installer une borne de recharge \u00e0 la maison.<\/p>\n<p>L\u2019un des plus gros freins pour la plupart des acheteurs est le prix initial. Un VE peut en effet co\u00fbter 10 000 $ de plus qu\u2019un v\u00e9hicule \u00e0 essence comparable. Ce genre d\u2019\u00e9cart peut rendre un tel achat difficile \u00e0 justifier pour beaucoup de gens.<\/p>\n<p>Mais il existe d\u2019autres facteurs que de nombreux acheteurs ne consid\u00e8rent pas.<\/p>\n<p>\u00ab\u00a0La plupart des gens s\u2019arr\u00eatent au prix d\u2019achat, constate Christian Lanctot. Mais combien co\u00fbte le fait de <em>poss\u00e9der<\/em> une voiture? Le co\u00fbt global de possession, voil\u00e0 le point fort des VE.\u00a0\u00bb<\/p>\n<p>M. Lanctot est bien plac\u00e9 pour le savoir. En 2018, il a lou\u00e9 la toute nouvelle Hyundai Ioniq \u00e9lectrique pour remplacer la Honda Accord de dix ans avec laquelle il faisait le trajet quotidien de 50 km entre Markham et Mississauga, o\u00f9 il demeure. \u00c0 l\u2019\u00e9poque, l\u2019Ontario offrait un incitatif financier de 14 000 $ pour l\u2019achat d\u2019un VE. L\u2019Ioniq de M. Lanctot revenait alors \u00e0 peu pr\u00e8s au m\u00eame prix que la Hyundai Elantra Sport, un mod\u00e8le comparable qui proposait des options et des accessoires similaires. Le choix \u00e9tait simple. Mais M. Lanctot a rapidement compris l\u2019avantage qu\u2019il tirerait de son achat : pour toute la dur\u00e9e de sa location, l\u2019Ioniq ne lui a co\u00fbt\u00e9 que 512,50 $ en \u00e9lectricit\u00e9.<\/p>\n<div id=\"attachment_4636\" style=\"width: 2570px\" class=\"wp-caption alignnone\"><img loading=\"lazy\" decoding=\"async\" aria-describedby=\"caption-attachment-4636\" class=\"size-full wp-image-4636\" src=\"https:\/\/thecharge.ca\/wp-content\/uploads\/2021\/11\/Ioniq.jpg\" alt=\"2018 Hyundai Ioniq\" width=\"2560\" height=\"1707\" srcset=\"https:\/\/thecharge.ca\/wp-content\/uploads\/2021\/11\/Ioniq.jpg 2560w, https:\/\/thecharge.ca\/wp-content\/uploads\/2021\/11\/Ioniq-1280x854.jpg 1280w, https:\/\/thecharge.ca\/wp-content\/uploads\/2021\/11\/Ioniq-980x653.jpg 980w, https:\/\/thecharge.ca\/wp-content\/uploads\/2021\/11\/Ioniq-480x320.jpg 480w\" sizes=\"(min-width: 0px) and (max-width: 480px) 480px, (min-width: 481px) and (max-width: 980px) 980px, (min-width: 981px) and (max-width: 1280px) 1280px, (min-width: 1281px) 2560px, 100vw\" \/><p id=\"caption-attachment-4636\" class=\"wp-caption-text\">2018 Hyundai Ioniq<\/p><\/div>\n<p>M.\u00a0Lanctot \u00e9tait surpris de constater que le co\u00fbt global de possession de son Ioniq \u00e9tait \u00e0 peu pr\u00e8s \u00e9gal \u00e0 celui de son Accord d\u2019occasion \u2013 et bien inf\u00e9rieur \u00e0 celui de la nouvelle Elantra Sport \u00e0 essence. \u00ab\u00a0L\u2019\u00e9lectricit\u00e9 \u00e9tait alors \u00e0 7,2\u00a0\u00a2 le kilowattheure, hors pointe. Je payais en moyenne 21\u00a0$ d\u2019\u00e9lectricit\u00e9 par mois, contre environ 325\u00a0$ d\u2019essence avec l\u2019Accord.\u00a0\u00bb<\/p>\n<p>Par ailleurs, plus vous conservez un VE longtemps et plus vous \u00e9conomisez. C\u2019est ce qu\u2019a d\u00e9couvert Aaron Brighton, un professionnel des technologies r\u00e9sidant \u00e0 Ajax, en Ontario, en achetant en 2018 une Tesla Model\u00a03 Longue autonomie pour remplacer la Ford Fusion 2008\u00a0qu\u2019il utilisait pour faire la navette avec Toronto. Le co\u00fbt de la Tesla s\u2019\u00e9levait \u00e0 68\u00a0000\u00a0$, taxes comprises, apr\u00e8s la remise de l\u2019Ontario \u2013 une somme encore trop \u00e9lev\u00e9e pour bien des gens. Et pourtant, M.\u00a0Brighton estime que la Model\u00a03 lui co\u00fbte \u00e0 peu pr\u00e8s la m\u00eame chose \u00e0 poss\u00e9der que sa Fusion, bien que cette derni\u00e8re avait \u00e9t\u00e9 enti\u00e8rement rembours\u00e9e.<\/p>\n<h2 class=\"drop-quotes\">\u00ab\u00a0En comptant la remise et les trois ann\u00e9es d\u2019\u00e9conomies sur l\u2019essence, cette voiture nous co\u00fbte l\u2019\u00e9quivalent d\u2019une voiture de 45\u00a0000\u00a0$, calcule M.\u00a0Brighton. Et \u00e7a ne fera que s\u2019am\u00e9liorer avec le temps.\u00a0\u00bb<\/h2>\n<p>\u00ab\u00a0On d\u00e9pendait 400\u00a0$ par mois en essence avec la Fusion, et au moins 1\u00a0000\u00a0$ par an en entretien. Quand on r\u00e9partit les co\u00fbts sur l\u2019ann\u00e9e, la Model\u00a03 demeure un peu plus ch\u00e8re, mais la diff\u00e9rence est mince. Et c\u2019est sans compter qu\u2019il s\u2019agit d\u2019une voiture neuve et d\u2019un mod\u00e8le beaucoup plus agr\u00e9able \u00e0 conduire. On a clairement gagn\u00e9 au change.\u00a0\u00bb<\/p>\n<p>Pendant ces trois ann\u00e9es \u00e0 rouler en Tesla, M.\u00a0Brighton estime qu\u2019il a d\u00e9pens\u00e9 environ 2\u00a0300\u00a0$ en \u00e9lectricit\u00e9 (\u00e0 la fois \u00e0 domicile et aux bornes Supercharger), alors que la Fusion lui aurait co\u00fbt\u00e9 12\u00a0600\u00a0$ en essence \u2013 une \u00e9conomie de 10\u00a0300\u00a0$.<\/p>\n<p>\u00ab\u00a0En comptant la remise et les trois ann\u00e9es d\u2019\u00e9conomies sur l\u2019essence, cette voiture nous co\u00fbte l\u2019\u00e9quivalent d\u2019une voiture de 45\u00a0000\u00a0$, calcule M.\u00a0Brighton. Et \u00e7a ne fera que s\u2019am\u00e9liorer avec le temps.\u00a0\u00bb<\/p>\n<p>M. Lanctot souligne que ces \u00e9conomies augmentent avec le kilom\u00e9trage. \u00ab Quelqu\u2019un qui parcourt 100 000 km par an [comme les chauffeurs de taxi, les chauffeurs Uber et Lyft, etc.] constatera les \u00e9conomies presque instantan\u00e9ment. Avec un kilom\u00e9trage \u00e9lev\u00e9, le seuil de rentabilit\u00e9 se calcule en mois. \u00bb<\/p>\n<p>Et ce ne sont l\u00e0 que les \u00e9conomies de carburant. Un VE ne n\u00e9cessite pas l\u2019entretien que suppose un v\u00e9hicule dot\u00e9 d\u2019un moteur \u00e0 combustion interne, comme les changements d\u2019huile tous les 6\u00a0000\u00a0km, les remplacements de courroies et les changements de liquide de refroidissement. Et comme le groupe motopropulseur d\u2019un v\u00e9hicule \u00e0 essence compte plus de 2\u00a0000\u00a0pi\u00e8ces mobiles \u2013 contre une vingtaine pour un VE\u00a0\u2013, les probl\u00e8mes potentiels sont beaucoup plus nombreux qu\u2019avec celui d\u2019un VE.<\/p>\n<p>\u00ab\u00a0Le seul entretien que j\u2019ai eu \u00e0 payer concerne les freins, que j\u2019ai fait nettoyer, confie M.\u00a0Brighton. J\u2019ai fait permuter les pneus, bien s\u00fbr, mais en un peu plus de 3\u00a0ans et 120\u00a0000\u00a0km, je n\u2019ai eu besoin d\u2019aucun autre service d\u2019entretien.\u00a0\u00bb<\/p>\n<div id=\"attachment_4638\" style=\"width: 2570px\" class=\"wp-caption alignnone\"><img loading=\"lazy\" decoding=\"async\" aria-describedby=\"caption-attachment-4638\" class=\"size-full wp-image-4638\" src=\"https:\/\/thecharge.ca\/wp-content\/uploads\/2021\/11\/GettyImages-652660470-scaled-1.jpg\" alt=\"\" width=\"2560\" height=\"1707\" srcset=\"https:\/\/thecharge.ca\/wp-content\/uploads\/2021\/11\/GettyImages-652660470-scaled-1.jpg 2560w, https:\/\/thecharge.ca\/wp-content\/uploads\/2021\/11\/GettyImages-652660470-scaled-1-1280x854.jpg 1280w, https:\/\/thecharge.ca\/wp-content\/uploads\/2021\/11\/GettyImages-652660470-scaled-1-980x653.jpg 980w, https:\/\/thecharge.ca\/wp-content\/uploads\/2021\/11\/GettyImages-652660470-scaled-1-480x320.jpg 480w\" sizes=\"(min-width: 0px) and (max-width: 480px) 480px, (min-width: 481px) and (max-width: 980px) 980px, (min-width: 981px) and (max-width: 1280px) 1280px, (min-width: 1281px) 2560px, 100vw\" \/><p id=\"caption-attachment-4638\" class=\"wp-caption-text\">Oil change<\/p><\/div>\n<p>Il faut \u00e9mettre ici une mise en garde concernant ces \u00e9conomies. Les incitatifs varient \u00e9videmment d\u2019une province \u00e0 l\u2019autre. Et l\u2019Ontario n\u2019offre plus cet incitatif de 14\u00a0000\u00a0$. Un incitatif f\u00e9d\u00e9ral de 5\u00a0000\u00a0$ couvre g\u00e9n\u00e9ralement les v\u00e9hicules de moins de 45\u00a0000\u00a0$. Mais avec la multiplication des VE sur nos routes, ces incitatifs seront un jour abandonn\u00e9s, bien qu\u2019il soit difficile de dire quand. Les VE repr\u00e9sentent actuellement 3\u00a0% environ des ventes de voitures au Canada, mais le gouvernement f\u00e9d\u00e9ral s\u2019est fix\u00e9 un objectif de 40\u00a0% d\u2019ici 2030.<\/p>\n<p>De plus, avec la diminution du nombre de voitures \u00e0 essence sur les routes, les pouvoirs publics pourraient ressentir l\u2019effet des taxes perdues \u00e0 la pompe, qui se chiffrent en milliards de dollars. La Saskatchewan impose d\u00e9j\u00e0 une \u00ab\u00a0taxe pour usage routier\u00a0\u00bb de 150\u00a0$ sur les VE, et d\u2019autres provinces pourraient lui embo\u00eeter le pas.<\/p>\n<p>Mais cela ne change rien au fait que le co\u00fbt global de possession d\u2019un VE est inf\u00e9rieur \u00e0 celui d\u2019un v\u00e9hicule \u00e0 essence comparable \u2013 d\u2019autant que le prix de l\u2019essence augmente dans tout le pays.<\/p>\n<p>\u00ab\u00a0Le prix affich\u00e9 d\u2019un v\u00e9hicule \u00e9lectrique est certes plus \u00e9lev\u00e9, mais au bout de cinq ou sept ans, vous aurez \u00e9conomis\u00e9 gros, affirme M.\u00a0Brighton. Et si vous \u00e9chelonnez vos paiements, il pourrait m\u00eame rester plus d\u2019argent dans vos poches \u00e0 la fin de chaque mois, selon votre kilom\u00e9trage.\u00a0\u00bb<\/p>\n<p>\u00ab\u00a0Je connais des gens qui ont fait le calcul et qui sont rapidement arriv\u00e9s \u00e0 la conclusion qu\u2019ils seraient b\u00eates de ne pas faire le saut. Dans quelques cas exceptionnels, ils parcourent plus de 100\u00a0km par jour et d\u00e9pensent entre 500\u00a0$ et 1\u00a0000\u00a0$ par mois en essence. Presque tout leur budget auto concerne l\u2019essence. Ils perdent de l\u2019argent en ne faisant pas la transition.\u00a0\u00bb<\/p>\n<!-- AddThis Advanced Settings generic via filter on the_content --><!-- AddThis Share Buttons generic via filter on the_content -->","protected":false},"excerpt":{"rendered":"<p>Regardez au-del\u00e0 du prix d&rsquo;achat pour voir o\u00f9 les VE vous font \u00e9conomiser de l&rsquo;argent<!-- AddThis Advanced Settings generic via filter on get_the_excerpt --><!-- AddThis Share Buttons generic via filter on get_the_excerpt --><\/p>\n","protected":false},"author":7,"featured_media":4634,"comment_status":"open","ping_status":"open","sticky":false,"template":"","format":"standard","meta":{"_acf_changed":false,"_et_pb_use_builder":"","_et_pb_old_content":"","_et_gb_content_width":"","inline_featured_image":false,"footnotes":"","_links_to":"","_links_to_target":""},"categories":[150],"tags":[],"class_list":["post-4591","post","type-post","status-publish","format-standard","has-post-thumbnail","hentry","category-articles-en-vedette","wpautop"],"acf":[],"yoast_head":"<!-- This site is optimized with the Yoast SEO plugin v27.4 - https:\/\/yoast.com\/product\/yoast-seo-wordpress\/ -->\n<title>Le prix des VE vous refroidit? Il cache pourtant des \u00e9conomies! - The Charge<\/title>\n<meta name=\"description\" content=\"Regardez au-del\u00e0 du prix d&#039;achat pour voir o\u00f9 les VE vous font \u00e9conomiser de l&#039;argent\" \/>\n<meta name=\"robots\" content=\"index, follow, max-snippet:-1, max-image-preview:large, max-video-preview:-1\" \/>\n<link rel=\"canonical\" href=\"https:\/\/thecharge.ca\/fr\/articles-en-vedette\/le-prix-des-ve-vous-refroidit-il-cache-pourtant-des-economies\/\" \/>\n<meta property=\"og:locale\" content=\"fr_FR\" \/>\n<meta property=\"og:type\" content=\"article\" \/>\n<meta property=\"og:title\" content=\"Le prix des VE vous refroidit? Il cache pourtant des \u00e9conomies! - The Charge\" \/>\n<meta property=\"og:description\" content=\"Regardez au-del\u00e0 du prix d&#039;achat pour voir o\u00f9 les VE vous font \u00e9conomiser de l&#039;argent\" \/>\n<meta property=\"og:url\" content=\"https:\/\/thecharge.ca\/fr\/articles-en-vedette\/le-prix-des-ve-vous-refroidit-il-cache-pourtant-des-economies\/\" \/>\n<meta property=\"og:site_name\" content=\"The Charge\" \/>\n<meta property=\"article:published_time\" content=\"2021-11-24T21:22:15+00:00\" \/>\n<meta property=\"article:modified_time\" content=\"2021-12-15T19:30:33+00:00\" \/>\n<meta property=\"og:image\" content=\"https:\/\/thecharge.ca\/wp-content\/uploads\/2021\/11\/GettyImages-1158518138-980x386-1.jpg\" \/>\n\t<meta property=\"og:image:width\" content=\"980\" \/>\n\t<meta property=\"og:image:height\" content=\"386\" \/>\n\t<meta property=\"og:image:type\" content=\"image\/jpeg\" \/>\n<meta name=\"author\" content=\"Neil Vorano\" \/>\n<meta name=\"twitter:card\" content=\"summary_large_image\" \/>\n<meta name=\"twitter:label1\" content=\"\u00c9crit par\" \/>\n\t<meta name=\"twitter:data1\" content=\"Neil Vorano\" \/>\n\t<meta name=\"twitter:label2\" content=\"Dur\u00e9e de lecture estim\u00e9e\" \/>\n\t<meta name=\"twitter:data2\" content=\"5 minutes\" \/>\n<script type=\"application\/ld+json\" class=\"yoast-schema-graph\">{\"@context\":\"https:\\\/\\\/schema.org\",\"@graph\":[{\"@type\":\"Article\",\"@id\":\"https:\\\/\\\/thecharge.ca\\\/fr\\\/articles-en-vedette\\\/le-prix-des-ve-vous-refroidit-il-cache-pourtant-des-economies\\\/#article\",\"isPartOf\":{\"@id\":\"https:\\\/\\\/thecharge.ca\\\/fr\\\/articles-en-vedette\\\/le-prix-des-ve-vous-refroidit-il-cache-pourtant-des-economies\\\/\"},\"author\":{\"name\":\"Neil Vorano\",\"@id\":\"https:\\\/\\\/thecharge.ca\\\/#\\\/schema\\\/person\\\/964fb692dd6da2234131477810ee0f2e\"},\"headline\":\"Le prix des VE vous refroidit? Il cache pourtant des \u00e9conomies!\",\"datePublished\":\"2021-11-24T21:22:15+00:00\",\"dateModified\":\"2021-12-15T19:30:33+00:00\",\"mainEntityOfPage\":{\"@id\":\"https:\\\/\\\/thecharge.ca\\\/fr\\\/articles-en-vedette\\\/le-prix-des-ve-vous-refroidit-il-cache-pourtant-des-economies\\\/\"},\"wordCount\":1169,\"commentCount\":0,\"publisher\":{\"@id\":\"https:\\\/\\\/thecharge.ca\\\/#organization\"},\"image\":{\"@id\":\"https:\\\/\\\/thecharge.ca\\\/fr\\\/articles-en-vedette\\\/le-prix-des-ve-vous-refroidit-il-cache-pourtant-des-economies\\\/#primaryimage\"},\"thumbnailUrl\":\"https:\\\/\\\/thecharge.ca\\\/wp-content\\\/uploads\\\/2021\\\/11\\\/GettyImages-1158518138-980x386-1.jpg\",\"articleSection\":[\"Articles en vedette\"],\"inLanguage\":\"fr-FR\",\"potentialAction\":[{\"@type\":\"CommentAction\",\"name\":\"Comment\",\"target\":[\"https:\\\/\\\/thecharge.ca\\\/fr\\\/articles-en-vedette\\\/le-prix-des-ve-vous-refroidit-il-cache-pourtant-des-economies\\\/#respond\"]}]},{\"@type\":\"WebPage\",\"@id\":\"https:\\\/\\\/thecharge.ca\\\/fr\\\/articles-en-vedette\\\/le-prix-des-ve-vous-refroidit-il-cache-pourtant-des-economies\\\/\",\"url\":\"https:\\\/\\\/thecharge.ca\\\/fr\\\/articles-en-vedette\\\/le-prix-des-ve-vous-refroidit-il-cache-pourtant-des-economies\\\/\",\"name\":\"Le prix des VE vous refroidit? Il cache pourtant des \u00e9conomies! - The Charge\",\"isPartOf\":{\"@id\":\"https:\\\/\\\/thecharge.ca\\\/#website\"},\"primaryImageOfPage\":{\"@id\":\"https:\\\/\\\/thecharge.ca\\\/fr\\\/articles-en-vedette\\\/le-prix-des-ve-vous-refroidit-il-cache-pourtant-des-economies\\\/#primaryimage\"},\"image\":{\"@id\":\"https:\\\/\\\/thecharge.ca\\\/fr\\\/articles-en-vedette\\\/le-prix-des-ve-vous-refroidit-il-cache-pourtant-des-economies\\\/#primaryimage\"},\"thumbnailUrl\":\"https:\\\/\\\/thecharge.ca\\\/wp-content\\\/uploads\\\/2021\\\/11\\\/GettyImages-1158518138-980x386-1.jpg\",\"datePublished\":\"2021-11-24T21:22:15+00:00\",\"dateModified\":\"2021-12-15T19:30:33+00:00\",\"description\":\"Regardez au-del\u00e0 du prix d'achat pour voir o\u00f9 les VE vous font \u00e9conomiser de l'argent\",\"breadcrumb\":{\"@id\":\"https:\\\/\\\/thecharge.ca\\\/fr\\\/articles-en-vedette\\\/le-prix-des-ve-vous-refroidit-il-cache-pourtant-des-economies\\\/#breadcrumb\"},\"inLanguage\":\"fr-FR\",\"potentialAction\":[{\"@type\":\"ReadAction\",\"target\":[\"https:\\\/\\\/thecharge.ca\\\/fr\\\/articles-en-vedette\\\/le-prix-des-ve-vous-refroidit-il-cache-pourtant-des-economies\\\/\"]}]},{\"@type\":\"ImageObject\",\"inLanguage\":\"fr-FR\",\"@id\":\"https:\\\/\\\/thecharge.ca\\\/fr\\\/articles-en-vedette\\\/le-prix-des-ve-vous-refroidit-il-cache-pourtant-des-economies\\\/#primaryimage\",\"url\":\"https:\\\/\\\/thecharge.ca\\\/wp-content\\\/uploads\\\/2021\\\/11\\\/GettyImages-1158518138-980x386-1.jpg\",\"contentUrl\":\"https:\\\/\\\/thecharge.ca\\\/wp-content\\\/uploads\\\/2021\\\/11\\\/GettyImages-1158518138-980x386-1.jpg\",\"width\":980,\"height\":386,\"caption\":\"Business man and close up hand holding model of toy car on over a lot money of stacked coins - insurance, loan and buying car finance concept. buy and installments down payment a car.\"},{\"@type\":\"BreadcrumbList\",\"@id\":\"https:\\\/\\\/thecharge.ca\\\/fr\\\/articles-en-vedette\\\/le-prix-des-ve-vous-refroidit-il-cache-pourtant-des-economies\\\/#breadcrumb\",\"itemListElement\":[{\"@type\":\"ListItem\",\"position\":1,\"name\":\"Home\",\"item\":\"https:\\\/\\\/thecharge.ca\\\/fr\\\/\"},{\"@type\":\"ListItem\",\"position\":2,\"name\":\"Le prix des VE vous refroidit? Il cache pourtant des \u00e9conomies!\"}]},{\"@type\":\"WebSite\",\"@id\":\"https:\\\/\\\/thecharge.ca\\\/#website\",\"url\":\"https:\\\/\\\/thecharge.ca\\\/\",\"name\":\"The Charge\",\"description\":\"Everything about electric vehicles\",\"publisher\":{\"@id\":\"https:\\\/\\\/thecharge.ca\\\/#organization\"},\"potentialAction\":[{\"@type\":\"SearchAction\",\"target\":{\"@type\":\"EntryPoint\",\"urlTemplate\":\"https:\\\/\\\/thecharge.ca\\\/?s={search_term_string}\"},\"query-input\":{\"@type\":\"PropertyValueSpecification\",\"valueRequired\":true,\"valueName\":\"search_term_string\"}}],\"inLanguage\":\"fr-FR\"},{\"@type\":\"Organization\",\"@id\":\"https:\\\/\\\/thecharge.ca\\\/#organization\",\"name\":\"The Charge\",\"url\":\"https:\\\/\\\/thecharge.ca\\\/\",\"logo\":{\"@type\":\"ImageObject\",\"inLanguage\":\"fr-FR\",\"@id\":\"https:\\\/\\\/thecharge.ca\\\/#\\\/schema\\\/logo\\\/image\\\/\",\"url\":\"https:\\\/\\\/thecharge.ca\\\/wp-content\\\/uploads\\\/2021\\\/09\\\/Logo.png\",\"contentUrl\":\"https:\\\/\\\/thecharge.ca\\\/wp-content\\\/uploads\\\/2021\\\/09\\\/Logo.png\",\"width\":130,\"height\":20,\"caption\":\"The Charge\"},\"image\":{\"@id\":\"https:\\\/\\\/thecharge.ca\\\/#\\\/schema\\\/logo\\\/image\\\/\"}},{\"@type\":\"Person\",\"@id\":\"https:\\\/\\\/thecharge.ca\\\/#\\\/schema\\\/person\\\/964fb692dd6da2234131477810ee0f2e\",\"name\":\"Neil Vorano\",\"image\":{\"@type\":\"ImageObject\",\"inLanguage\":\"fr-FR\",\"@id\":\"https:\\\/\\\/secure.gravatar.com\\\/avatar\\\/2ac9c627621c530dcb1c654b628f4bd2fdf23105641356f44c670be271db2b6f?s=96&d=mm&r=g\",\"url\":\"https:\\\/\\\/secure.gravatar.com\\\/avatar\\\/2ac9c627621c530dcb1c654b628f4bd2fdf23105641356f44c670be271db2b6f?s=96&d=mm&r=g\",\"contentUrl\":\"https:\\\/\\\/secure.gravatar.com\\\/avatar\\\/2ac9c627621c530dcb1c654b628f4bd2fdf23105641356f44c670be271db2b6f?s=96&d=mm&r=g\",\"caption\":\"Neil Vorano\"},\"url\":\"https:\\\/\\\/thecharge.ca\\\/fr\\\/author\\\/neil-vorano\\\/\"}]}<\/script>\n<!-- \/ Yoast SEO plugin. -->","yoast_head_json":{"title":"Le prix des VE vous refroidit? Il cache pourtant des \u00e9conomies! - The Charge","description":"Regardez au-del\u00e0 du prix d'achat pour voir o\u00f9 les VE vous font \u00e9conomiser de l'argent","robots":{"index":"index","follow":"follow","max-snippet":"max-snippet:-1","max-image-preview":"max-image-preview:large","max-video-preview":"max-video-preview:-1"},"canonical":"https:\/\/thecharge.ca\/fr\/articles-en-vedette\/le-prix-des-ve-vous-refroidit-il-cache-pourtant-des-economies\/","og_locale":"fr_FR","og_type":"article","og_title":"Le prix des VE vous refroidit? Il cache pourtant des \u00e9conomies! - The Charge","og_description":"Regardez au-del\u00e0 du prix d'achat pour voir o\u00f9 les VE vous font \u00e9conomiser de l'argent","og_url":"https:\/\/thecharge.ca\/fr\/articles-en-vedette\/le-prix-des-ve-vous-refroidit-il-cache-pourtant-des-economies\/","og_site_name":"The Charge","article_published_time":"2021-11-24T21:22:15+00:00","article_modified_time":"2021-12-15T19:30:33+00:00","og_image":[{"width":980,"height":386,"url":"https:\/\/thecharge.ca\/wp-content\/uploads\/2021\/11\/GettyImages-1158518138-980x386-1.jpg","type":"image\/jpeg"}],"author":"Neil Vorano","twitter_card":"summary_large_image","twitter_misc":{"\u00c9crit par":"Neil Vorano","Dur\u00e9e de lecture estim\u00e9e":"5 minutes"},"schema":{"@context":"https:\/\/schema.org","@graph":[{"@type":"Article","@id":"https:\/\/thecharge.ca\/fr\/articles-en-vedette\/le-prix-des-ve-vous-refroidit-il-cache-pourtant-des-economies\/#article","isPartOf":{"@id":"https:\/\/thecharge.ca\/fr\/articles-en-vedette\/le-prix-des-ve-vous-refroidit-il-cache-pourtant-des-economies\/"},"author":{"name":"Neil Vorano","@id":"https:\/\/thecharge.ca\/#\/schema\/person\/964fb692dd6da2234131477810ee0f2e"},"headline":"Le prix des VE vous refroidit? Il cache pourtant des \u00e9conomies!","datePublished":"2021-11-24T21:22:15+00:00","dateModified":"2021-12-15T19:30:33+00:00","mainEntityOfPage":{"@id":"https:\/\/thecharge.ca\/fr\/articles-en-vedette\/le-prix-des-ve-vous-refroidit-il-cache-pourtant-des-economies\/"},"wordCount":1169,"commentCount":0,"publisher":{"@id":"https:\/\/thecharge.ca\/#organization"},"image":{"@id":"https:\/\/thecharge.ca\/fr\/articles-en-vedette\/le-prix-des-ve-vous-refroidit-il-cache-pourtant-des-economies\/#primaryimage"},"thumbnailUrl":"https:\/\/thecharge.ca\/wp-content\/uploads\/2021\/11\/GettyImages-1158518138-980x386-1.jpg","articleSection":["Articles en vedette"],"inLanguage":"fr-FR","potentialAction":[{"@type":"CommentAction","name":"Comment","target":["https:\/\/thecharge.ca\/fr\/articles-en-vedette\/le-prix-des-ve-vous-refroidit-il-cache-pourtant-des-economies\/#respond"]}]},{"@type":"WebPage","@id":"https:\/\/thecharge.ca\/fr\/articles-en-vedette\/le-prix-des-ve-vous-refroidit-il-cache-pourtant-des-economies\/","url":"https:\/\/thecharge.ca\/fr\/articles-en-vedette\/le-prix-des-ve-vous-refroidit-il-cache-pourtant-des-economies\/","name":"Le prix des VE vous refroidit? Il cache pourtant des \u00e9conomies! - The Charge","isPartOf":{"@id":"https:\/\/thecharge.ca\/#website"},"primaryImageOfPage":{"@id":"https:\/\/thecharge.ca\/fr\/articles-en-vedette\/le-prix-des-ve-vous-refroidit-il-cache-pourtant-des-economies\/#primaryimage"},"image":{"@id":"https:\/\/thecharge.ca\/fr\/articles-en-vedette\/le-prix-des-ve-vous-refroidit-il-cache-pourtant-des-economies\/#primaryimage"},"thumbnailUrl":"https:\/\/thecharge.ca\/wp-content\/uploads\/2021\/11\/GettyImages-1158518138-980x386-1.jpg","datePublished":"2021-11-24T21:22:15+00:00","dateModified":"2021-12-15T19:30:33+00:00","description":"Regardez au-del\u00e0 du prix d'achat pour voir o\u00f9 les VE vous font \u00e9conomiser de l'argent","breadcrumb":{"@id":"https:\/\/thecharge.ca\/fr\/articles-en-vedette\/le-prix-des-ve-vous-refroidit-il-cache-pourtant-des-economies\/#breadcrumb"},"inLanguage":"fr-FR","potentialAction":[{"@type":"ReadAction","target":["https:\/\/thecharge.ca\/fr\/articles-en-vedette\/le-prix-des-ve-vous-refroidit-il-cache-pourtant-des-economies\/"]}]},{"@type":"ImageObject","inLanguage":"fr-FR","@id":"https:\/\/thecharge.ca\/fr\/articles-en-vedette\/le-prix-des-ve-vous-refroidit-il-cache-pourtant-des-economies\/#primaryimage","url":"https:\/\/thecharge.ca\/wp-content\/uploads\/2021\/11\/GettyImages-1158518138-980x386-1.jpg","contentUrl":"https:\/\/thecharge.ca\/wp-content\/uploads\/2021\/11\/GettyImages-1158518138-980x386-1.jpg","width":980,"height":386,"caption":"Business man and close up hand holding model of toy car on over a lot money of stacked coins - insurance, loan and buying car finance concept. buy and installments down payment a car."},{"@type":"BreadcrumbList","@id":"https:\/\/thecharge.ca\/fr\/articles-en-vedette\/le-prix-des-ve-vous-refroidit-il-cache-pourtant-des-economies\/#breadcrumb","itemListElement":[{"@type":"ListItem","position":1,"name":"Home","item":"https:\/\/thecharge.ca\/fr\/"},{"@type":"ListItem","position":2,"name":"Le prix des VE vous refroidit? Il cache pourtant des \u00e9conomies!"}]},{"@type":"WebSite","@id":"https:\/\/thecharge.ca\/#website","url":"https:\/\/thecharge.ca\/","name":"The Charge","description":"Everything about electric vehicles","publisher":{"@id":"https:\/\/thecharge.ca\/#organization"},"potentialAction":[{"@type":"SearchAction","target":{"@type":"EntryPoint","urlTemplate":"https:\/\/thecharge.ca\/?s={search_term_string}"},"query-input":{"@type":"PropertyValueSpecification","valueRequired":true,"valueName":"search_term_string"}}],"inLanguage":"fr-FR"},{"@type":"Organization","@id":"https:\/\/thecharge.ca\/#organization","name":"The Charge","url":"https:\/\/thecharge.ca\/","logo":{"@type":"ImageObject","inLanguage":"fr-FR","@id":"https:\/\/thecharge.ca\/#\/schema\/logo\/image\/","url":"https:\/\/thecharge.ca\/wp-content\/uploads\/2021\/09\/Logo.png","contentUrl":"https:\/\/thecharge.ca\/wp-content\/uploads\/2021\/09\/Logo.png","width":130,"height":20,"caption":"The Charge"},"image":{"@id":"https:\/\/thecharge.ca\/#\/schema\/logo\/image\/"}},{"@type":"Person","@id":"https:\/\/thecharge.ca\/#\/schema\/person\/964fb692dd6da2234131477810ee0f2e","name":"Neil Vorano","image":{"@type":"ImageObject","inLanguage":"fr-FR","@id":"https:\/\/secure.gravatar.com\/avatar\/2ac9c627621c530dcb1c654b628f4bd2fdf23105641356f44c670be271db2b6f?s=96&d=mm&r=g","url":"https:\/\/secure.gravatar.com\/avatar\/2ac9c627621c530dcb1c654b628f4bd2fdf23105641356f44c670be271db2b6f?s=96&d=mm&r=g","contentUrl":"https:\/\/secure.gravatar.com\/avatar\/2ac9c627621c530dcb1c654b628f4bd2fdf23105641356f44c670be271db2b6f?s=96&d=mm&r=g","caption":"Neil Vorano"},"url":"https:\/\/thecharge.ca\/fr\/author\/neil-vorano\/"}]}},"_links":{"self":[{"href":"https:\/\/thecharge.ca\/fr\/wp-json\/wp\/v2\/posts\/4591","targetHints":{"allow":["GET"]}}],"collection":[{"href":"https:\/\/thecharge.ca\/fr\/wp-json\/wp\/v2\/posts"}],"about":[{"href":"https:\/\/thecharge.ca\/fr\/wp-json\/wp\/v2\/types\/post"}],"author":[{"embeddable":true,"href":"https:\/\/thecharge.ca\/fr\/wp-json\/wp\/v2\/users\/7"}],"replies":[{"embeddable":true,"href":"https:\/\/thecharge.ca\/fr\/wp-json\/wp\/v2\/comments?post=4591"}],"version-history":[{"count":0,"href":"https:\/\/thecharge.ca\/fr\/wp-json\/wp\/v2\/posts\/4591\/revisions"}],"wp:featuredmedia":[{"embeddable":true,"href":"https:\/\/thecharge.ca\/fr\/wp-json\/wp\/v2\/media\/4634"}],"wp:attachment":[{"href":"https:\/\/thecharge.ca\/fr\/wp-json\/wp\/v2\/media?parent=4591"}],"wp:term":[{"taxonomy":"category","embeddable":true,"href":"https:\/\/thecharge.ca\/fr\/wp-json\/wp\/v2\/categories?post=4591"},{"taxonomy":"post_tag","embeddable":true,"href":"https:\/\/thecharge.ca\/fr\/wp-json\/wp\/v2\/tags?post=4591"}],"curies":[{"name":"wp","href":"https:\/\/api.w.org\/{rel}","templated":true}]}}