{"id":8097,"date":"2022-05-10T16:11:09","date_gmt":"2022-05-10T16:11:09","guid":{"rendered":"https:\/\/thecharge.ca\/?p=8097"},"modified":"2022-05-13T16:22:28","modified_gmt":"2022-05-13T16:22:28","slug":"comment-la-mustang-mach-e-facilite-le-passage-a-un-vehicule-electrique","status":"publish","type":"post","link":"https:\/\/thecharge.ca\/fr\/sponsorise\/comment-la-mustang-mach-e-facilite-le-passage-a-un-vehicule-electrique\/","title":{"rendered":"Comment la Mustang\u202fMach-E facilite le passage \u00e0 un v\u00e9hicule \u00e9lectrique\u00a0"},"content":{"rendered":"<p><input class=\"article-logo-brand\" name=\"article-logo-brand\" type=\"hidden\" value=\"charge\" \/><br \/>\n<span data-contrast=\"auto\">On parle de plus en plus d\u2019un \u00ab\u202favenir enti\u00e8rement \u00e9lectrique\u202f\u00bb<\/span><span data-contrast=\"auto\"> pour l\u2019industrie automobile mondiale. Ce qui n\u2019\u00e9tait au d\u00e9part qu\u2019une <\/span><span data-contrast=\"auto\">utopie<\/span><span data-contrast=\"auto\"> \u2014 une interpr\u00e9tation plus durable des transports en commun traditionnels et des voitures bien-aim\u00e9es \u2014 s\u2019est concr\u00e9tis\u00e9 gr\u00e2ce aux dirigeants du secteur de l\u2019automobile qui, les uns apr\u00e8s les autres, ont abandonn\u00e9 les processus traditionnels pour embrasser le potentiel d\u2019une transformation aliment\u00e9e par batterie. L\u2019\u00e8re d\u2019aujourd\u2019hui en est une d\u2019innovations rapides sur le plan des v\u00e9hicules \u00e9lectriques. Selon Virta,<\/span><a href=\"https:\/\/www.virta.global\/global-electric-vehicle-market#https:\/\/www.virta.global\/global-electric-vehicle-market\"><span data-contrast=\"none\">\u00a0<\/span><\/a><span data-contrast=\"auto\"> des \u00e9tudes r\u00e9v\u00e8lent que 6,4\u202fmillions de v\u00e9hicules (v\u00e9hicules \u00e9lectriques et v\u00e9hicules hybrides rechargeables combin\u00e9s) avaient \u00e9t\u00e9 vendus dans le monde \u00e0 la fin de 2021^. Les v\u00e9hicules \u00e9lectriques ne sont pas seulement l\u00e0, ils sont l\u00e0 pour rester. <\/span><span data-contrast=\"auto\">Et surtout<\/span><span data-contrast=\"auto\">, ils sont l\u00e0 pour nous faire progresser.\u202f<\/span><span data-ccp-props=\"{}\">\u00a0<\/span><\/p>\n<p><span data-contrast=\"auto\">Bien s\u00fbr, le changement n\u2019est pas instantan\u00e9, et l\u2019adoption g\u00e9n\u00e9ralis\u00e9e de toute \u00ab\u202fnouveaut\u00e9\u202f\u00bb ne peut se faire sans franchir certains obstacles. Alors que les consommateurs canadiens manifestent un int\u00e9r\u00eat sans pr\u00e9c\u00e9dent pour les VE, certaines questions continuent de se poser. Faut-il changer ses habitudes de conduite apr\u00e8s le passage \u00e0 un VE? L\u2019infrastructure de recharge des VE est-elle accessible et pratique partout au Canada? Le VE est-il une solution plus rentable \u00e0 long terme? <\/span><\/p>\n<p><span data-contrast=\"auto\">Pour en savoir plus, nous nous sommes entretenus avec Rachel, de Smithville, en Ontario, fi\u00e8re propri\u00e9taire d\u2019une Ford Mustang\u202fMach-E depuis l\u2019\u00e9t\u00e9 dernier.<\/span><\/p>\n<p><span data-contrast=\"auto\">Rachel nous r\u00e9v\u00e8le qu\u2019elle avait d&rsquo;abord<\/span><span data-contrast=\"auto\"> opt\u00e9 pour un VE parce qu\u2019il lui permettrait de r\u00e9aliser des \u00e9conomies \u00e0 long terme et parce que l\u2019efficacit\u00e9 \u00e9nerg\u00e9tique est un sujet qui la passionne depuis longtemps. \u00ab\u202fJe conduis beaucoup, explique Rachel. Avec la hausse du co\u00fbt de l\u2019essence, je cherchais une solution de rechange.\u202f\u00bb Rachel explique aussi qu\u2019elle a \u00e9t\u00e9 ravie de compter parmi les premiers acheteurs de VE. \u00ab\u202fEn toute franchise, je suis tr\u00e8s heureuse que nous ayons \u00e9t\u00e9 parmi les premiers propri\u00e9taires d\u2019une Mustang\u202fMach-E. On nous pose tout le temps des questions \u00e0 son sujet, et je suis toujours heureuse d\u2019y r\u00e9pondre. Je suis propri\u00e9taire d\u2019une entreprise d\u2019\u00e9lectricit\u00e9. Adopter et pr\u00e9coniser un mode de vie ax\u00e9 sur l\u2019\u00e9conomie d\u2019\u00e9nergie me tient vraiment \u00e0 c\u0153ur. Ma Mustang\u202fMach-E fait toujours parler d\u2019elle!\u202f\u00bb<\/span><span data-ccp-props=\"{}\">\u00a0<\/span><\/p>\n<p><span data-contrast=\"auto\">En mati\u00e8re de<\/span><span data-contrast=\"auto\"> performances, Rachel fait remarquer que sa Mustang\u202fMach-E est tr\u00e8s agr\u00e9able \u00e0 conduire. Lorsqu\u2019on l\u2019interroge sur ses habitudes de conduite depuis qu\u2019elle a fait le passage \u00e0 un v\u00e9hicule \u00e9lectrique, Rachel constate que les choses n\u2019ont pas beaucoup chang\u00e9. \u00ab\u202fEn fait, je me sens moins coupable de parcourir de longues distances, sachant que cela ne me co\u00fbte pas beaucoup! La conduite \u00e0 une seule p\u00e9dale<\/span><span data-contrast=\"auto\">\u25ca<\/span><span data-contrast=\"auto\"> est une caract\u00e9ristique tr\u00e8s int\u00e9ressante<\/span><span data-contrast=\"auto\">,<\/span><span data-contrast=\"auto\"> explique-t-elle. Le seul d\u00e9fi a \u00e9t\u00e9 de patienter jusqu\u2019\u00e0 ce que mon v\u00e9hicule soit pr\u00eat!\u202f\u00bb<\/span><\/p>\n<p><span data-contrast=\"auto\">Pour recharger sa Mustang\u202fMach-E pendant la nuit, Rachel utilise une borne de recharge de niveau\u202f2\u202fqu\u2019elle a fait installer dans son garage. \u00ab\u202fComme je passe beaucoup de temps sur la route, je dois absolument \u00eatre pr\u00eate pour la journ\u00e9e. Il \u00e9tait donc essentiel de me procurer la borne de recharge qui convenait \u00e0 mes besoins, confie-t-elle. Bien s\u00fbr, les gens se demandent comment l\u2019on fait pour recharger un VE sur la route. Si vous \u00eates mal pris, de tr\u00e8s nombreuses bornes de recharge communautaires sont accessibles gratuitement partout en Ontario et au Canada.\u202f\u00bb <\/span><\/p>\n<p><span data-contrast=\"auto\">Du point de vue de la recharge, la Mustang\u202fMach-E\u202f2022 fait tr\u00e8s bonne figure. On estime que, si elle est \u00e9quip\u00e9e d\u2019une batterie longue dur\u00e9e, la Mustang peut obtenir une recharge de 10\u202f% \u00e0 80\u202f% en 45\u202fminutes environ au moyen d\u2019une borne de recharge rapide en courant continu (borne de recharge\u202fL3)*. Pour les solutions de recharge \u00e0 domicile, comme celle de Rachel, la Mustang\u202fMach-E est livr\u00e9e avec un cordon d\u2019alimentation mobile Ford de 32\u202famp\u00e8res, compatible avec une prise de courant de 120\u202fou 240\u202fvolts pour une recharge plus rapide<\/span><span data-contrast=\"auto\">. Si<\/span><span data-contrast=\"auto\"> vous cherchez \u00e0 optimiser la vitesse de recharge \u00e0 domicile, vous pouvez \u00e9galement opter pour la borne de recharge connect\u00e9e Ford. \u00c0 l\u2019achat d\u2019une Ford Mustang\u202fMach-E\u202f2022 neuve, les conducteurs recevront l\u2019acc\u00e8s gratuit au r\u00e9seau de recharge BlueOval<\/span><span data-contrast=\"auto\">MC<\/span><span data-contrast=\"auto\"> pendant deux ans**.<\/span><\/p>\n<p><span data-contrast=\"auto\">Enfin, nous avons demand\u00e9 \u00e0 Rachel si elle recommanderait un VE \u00e0 tout le monde, apr\u00e8s plus de six mois de conduite de la Mustang\u202fMach-E. \u00ab\u202f<\/span><span data-contrast=\"auto\">Absolument! Je n\u2019ach\u00e8terai plus jamais de v\u00e9hicule \u00e0 essence, et le moment venu nous nous procurerons<\/span><span data-contrast=\"auto\"> le F-150\u202fLightning enti\u00e8rement \u00e9lectrique pour remplacer notre Ford\u202fFocus\u202f2015!\u202f\u00bb<\/span><span data-ccp-props=\"{}\">\u00a0<\/span><\/p>\n<p><em>Mentions juridiques:\u00a0\u00a0<\/em><\/p>\n<p><em>^\u202fSource: The Global Electric Vehicle Market Overview In 2022: Statistics &amp; Forecasts. Virta, <a href=\"https:\/\/www.virta.global\/global-electric-vehicle-market#nine\">https:\/\/www.virta.global\/global-electric-vehicle-market#nine<\/a>\u00a0\u00a0<\/em><\/p>\n<p><em>* Temps de recharge bas\u00e9 sur les essais du fabricant. La vitesse de recharge diminue au fur et \u00e0 mesure que la batterie atteint sa pleine capacit\u00e9. Vos r\u00e9sultats peuvent varier en fonction des p\u00e9riodes de recharge de pointe, de l\u2019\u00e9tat de charge de la batterie, de l\u2019\u00e2ge de la batterie au lithium-ion et de son \u00e9tat de charge.\u00a0<\/em><\/p>\n<p><em>** L\u2019essai gratuit de deux ans d\u00e9bute \u00e0 compter de la date d\u2019entr\u00e9e en vigueur de la garantie limit\u00e9e de v\u00e9hicule neuf. Tous les frais seront factur\u00e9s au client, y compris les frais pour l\u2019utilisation des bornes de recharge et les frais de stationnement connexes.\u00a0<\/em><\/p>\n<p><em>\u25ca\u202fLa conduite \u00e0 une seule p\u00e9dale est une fonction d\u2019aide \u00e0 la conduite suppl\u00e9mentaire. Elle ne remplace pas l\u2019attention et le jugement du conducteur ni la n\u00e9cessit\u00e9 de serrer les freins. Consultez le manuel du propri\u00e9taire pour de plus amples renseignements et pour conna\u00eetre les restrictions du syst\u00e8me.\u00a0<\/em><\/p>\n<!-- AddThis Advanced Settings generic via filter on the_content --><!-- AddThis Share Buttons generic via filter on the_content -->","protected":false},"excerpt":{"rendered":"<p>Une transition en douceur\u202f<!-- AddThis Advanced Settings generic via filter on get_the_excerpt --><!-- AddThis Share Buttons generic via filter on get_the_excerpt --><\/p>\n","protected":false},"author":34,"featured_media":8099,"comment_status":"open","ping_status":"open","sticky":false,"template":"","format":"standard","meta":{"_acf_changed":false,"_et_pb_use_builder":"","_et_pb_old_content":"","_et_gb_content_width":"","inline_featured_image":false,"footnotes":"","_links_to":"","_links_to_target":""},"categories":[313,147],"tags":[326,333],"class_list":["post-8097","post","type-post","status-publish","format-standard","has-post-thumbnail","hentry","category-sponsorise","category-top-stories-fr","tag-ford-fr","tag-mustang-mach-e","wpautop"],"acf":[],"yoast_head":"<!-- This site is optimized with the Yoast SEO plugin v27.4 - https:\/\/yoast.com\/product\/yoast-seo-wordpress\/ -->\n<title>Comment la Mustang\u202fMach-E facilite le passage \u00e0 un v\u00e9hicule \u00e9lectrique\u00a0 - The Charge<\/title>\n<meta name=\"description\" content=\"Une transition en douceur\u202f\" \/>\n<meta name=\"robots\" content=\"index, follow, max-snippet:-1, max-image-preview:large, max-video-preview:-1\" \/>\n<link rel=\"canonical\" href=\"https:\/\/thecharge.ca\/fr\/sponsorise\/comment-la-mustang-mach-e-facilite-le-passage-a-un-vehicule-electrique\/\" \/>\n<meta property=\"og:locale\" content=\"fr_FR\" \/>\n<meta property=\"og:type\" content=\"article\" \/>\n<meta property=\"og:title\" content=\"Comment la Mustang\u202fMach-E facilite le passage \u00e0 un v\u00e9hicule \u00e9lectrique\u00a0 - The Charge\" \/>\n<meta property=\"og:description\" content=\"Une transition en douceur\u202f\" \/>\n<meta property=\"og:url\" content=\"https:\/\/thecharge.ca\/fr\/sponsorise\/comment-la-mustang-mach-e-facilite-le-passage-a-un-vehicule-electrique\/\" \/>\n<meta property=\"og:site_name\" content=\"The Charge\" \/>\n<meta property=\"article:published_time\" content=\"2022-05-10T16:11:09+00:00\" \/>\n<meta property=\"article:modified_time\" content=\"2022-05-13T16:22:28+00:00\" \/>\n<meta property=\"og:image\" content=\"https:\/\/thecharge.ca\/wp-content\/uploads\/2022\/05\/21_FRD_MCH_LIPMAN_82413_Making-the-Switch-scaled-e1651755965136.jpg\" \/>\n\t<meta property=\"og:image:width\" content=\"2560\" \/>\n\t<meta property=\"og:image:height\" content=\"915\" \/>\n\t<meta property=\"og:image:type\" content=\"image\/jpeg\" \/>\n<meta name=\"author\" content=\"The Charge\" \/>\n<meta name=\"twitter:card\" content=\"summary_large_image\" \/>\n<meta name=\"twitter:label1\" content=\"\u00c9crit par\" \/>\n\t<meta name=\"twitter:data1\" content=\"The Charge\" \/>\n\t<meta name=\"twitter:label2\" content=\"Dur\u00e9e de lecture estim\u00e9e\" \/>\n\t<meta name=\"twitter:data2\" content=\"5 minutes\" \/>\n<script type=\"application\/ld+json\" class=\"yoast-schema-graph\">{\"@context\":\"https:\\\/\\\/schema.org\",\"@graph\":[{\"@type\":\"Article\",\"@id\":\"https:\\\/\\\/thecharge.ca\\\/fr\\\/sponsorise\\\/comment-la-mustang-mach-e-facilite-le-passage-a-un-vehicule-electrique\\\/#article\",\"isPartOf\":{\"@id\":\"https:\\\/\\\/thecharge.ca\\\/fr\\\/sponsorise\\\/comment-la-mustang-mach-e-facilite-le-passage-a-un-vehicule-electrique\\\/\"},\"author\":{\"name\":\"The Charge\",\"@id\":\"https:\\\/\\\/thecharge.ca\\\/#\\\/schema\\\/person\\\/ee26f3c930dbbcf40d383c6a35df3b7a\"},\"headline\":\"Comment la Mustang\u202fMach-E facilite le passage \u00e0 un v\u00e9hicule \u00e9lectrique\u00a0\",\"datePublished\":\"2022-05-10T16:11:09+00:00\",\"dateModified\":\"2022-05-13T16:22:28+00:00\",\"mainEntityOfPage\":{\"@id\":\"https:\\\/\\\/thecharge.ca\\\/fr\\\/sponsorise\\\/comment-la-mustang-mach-e-facilite-le-passage-a-un-vehicule-electrique\\\/\"},\"wordCount\":1004,\"commentCount\":0,\"publisher\":{\"@id\":\"https:\\\/\\\/thecharge.ca\\\/#organization\"},\"image\":{\"@id\":\"https:\\\/\\\/thecharge.ca\\\/fr\\\/sponsorise\\\/comment-la-mustang-mach-e-facilite-le-passage-a-un-vehicule-electrique\\\/#primaryimage\"},\"thumbnailUrl\":\"https:\\\/\\\/thecharge.ca\\\/wp-content\\\/uploads\\\/2022\\\/05\\\/21_FRD_MCH_LIPMAN_82413_Making-the-Switch-scaled-e1651755965136.jpg\",\"keywords\":[\"Ford\",\"Mustang Mach-E\"],\"articleSection\":[\"Sponsoris\u00e9\",\"Top Stories - Fr\"],\"inLanguage\":\"fr-FR\",\"potentialAction\":[{\"@type\":\"CommentAction\",\"name\":\"Comment\",\"target\":[\"https:\\\/\\\/thecharge.ca\\\/fr\\\/sponsorise\\\/comment-la-mustang-mach-e-facilite-le-passage-a-un-vehicule-electrique\\\/#respond\"]}]},{\"@type\":\"WebPage\",\"@id\":\"https:\\\/\\\/thecharge.ca\\\/fr\\\/sponsorise\\\/comment-la-mustang-mach-e-facilite-le-passage-a-un-vehicule-electrique\\\/\",\"url\":\"https:\\\/\\\/thecharge.ca\\\/fr\\\/sponsorise\\\/comment-la-mustang-mach-e-facilite-le-passage-a-un-vehicule-electrique\\\/\",\"name\":\"Comment la Mustang\u202fMach-E facilite le passage \u00e0 un v\u00e9hicule \u00e9lectrique\u00a0 - The Charge\",\"isPartOf\":{\"@id\":\"https:\\\/\\\/thecharge.ca\\\/#website\"},\"primaryImageOfPage\":{\"@id\":\"https:\\\/\\\/thecharge.ca\\\/fr\\\/sponsorise\\\/comment-la-mustang-mach-e-facilite-le-passage-a-un-vehicule-electrique\\\/#primaryimage\"},\"image\":{\"@id\":\"https:\\\/\\\/thecharge.ca\\\/fr\\\/sponsorise\\\/comment-la-mustang-mach-e-facilite-le-passage-a-un-vehicule-electrique\\\/#primaryimage\"},\"thumbnailUrl\":\"https:\\\/\\\/thecharge.ca\\\/wp-content\\\/uploads\\\/2022\\\/05\\\/21_FRD_MCH_LIPMAN_82413_Making-the-Switch-scaled-e1651755965136.jpg\",\"datePublished\":\"2022-05-10T16:11:09+00:00\",\"dateModified\":\"2022-05-13T16:22:28+00:00\",\"description\":\"Une transition en douceur\u202f\",\"breadcrumb\":{\"@id\":\"https:\\\/\\\/thecharge.ca\\\/fr\\\/sponsorise\\\/comment-la-mustang-mach-e-facilite-le-passage-a-un-vehicule-electrique\\\/#breadcrumb\"},\"inLanguage\":\"fr-FR\",\"potentialAction\":[{\"@type\":\"ReadAction\",\"target\":[\"https:\\\/\\\/thecharge.ca\\\/fr\\\/sponsorise\\\/comment-la-mustang-mach-e-facilite-le-passage-a-un-vehicule-electrique\\\/\"]}]},{\"@type\":\"ImageObject\",\"inLanguage\":\"fr-FR\",\"@id\":\"https:\\\/\\\/thecharge.ca\\\/fr\\\/sponsorise\\\/comment-la-mustang-mach-e-facilite-le-passage-a-un-vehicule-electrique\\\/#primaryimage\",\"url\":\"https:\\\/\\\/thecharge.ca\\\/wp-content\\\/uploads\\\/2022\\\/05\\\/21_FRD_MCH_LIPMAN_82413_Making-the-Switch-scaled-e1651755965136.jpg\",\"contentUrl\":\"https:\\\/\\\/thecharge.ca\\\/wp-content\\\/uploads\\\/2022\\\/05\\\/21_FRD_MCH_LIPMAN_82413_Making-the-Switch-scaled-e1651755965136.jpg\",\"width\":2560,\"height\":915,\"caption\":\"Ford Mustang Mach-E \\\/ James Lipman\"},{\"@type\":\"BreadcrumbList\",\"@id\":\"https:\\\/\\\/thecharge.ca\\\/fr\\\/sponsorise\\\/comment-la-mustang-mach-e-facilite-le-passage-a-un-vehicule-electrique\\\/#breadcrumb\",\"itemListElement\":[{\"@type\":\"ListItem\",\"position\":1,\"name\":\"Home\",\"item\":\"https:\\\/\\\/thecharge.ca\\\/fr\\\/\"},{\"@type\":\"ListItem\",\"position\":2,\"name\":\"Comment la Mustang\u202fMach-E facilite le passage \u00e0 un v\u00e9hicule \u00e9lectrique\u00a0\"}]},{\"@type\":\"WebSite\",\"@id\":\"https:\\\/\\\/thecharge.ca\\\/#website\",\"url\":\"https:\\\/\\\/thecharge.ca\\\/\",\"name\":\"The Charge\",\"description\":\"Everything about electric vehicles\",\"publisher\":{\"@id\":\"https:\\\/\\\/thecharge.ca\\\/#organization\"},\"potentialAction\":[{\"@type\":\"SearchAction\",\"target\":{\"@type\":\"EntryPoint\",\"urlTemplate\":\"https:\\\/\\\/thecharge.ca\\\/?s={search_term_string}\"},\"query-input\":{\"@type\":\"PropertyValueSpecification\",\"valueRequired\":true,\"valueName\":\"search_term_string\"}}],\"inLanguage\":\"fr-FR\"},{\"@type\":\"Organization\",\"@id\":\"https:\\\/\\\/thecharge.ca\\\/#organization\",\"name\":\"The Charge\",\"url\":\"https:\\\/\\\/thecharge.ca\\\/\",\"logo\":{\"@type\":\"ImageObject\",\"inLanguage\":\"fr-FR\",\"@id\":\"https:\\\/\\\/thecharge.ca\\\/#\\\/schema\\\/logo\\\/image\\\/\",\"url\":\"https:\\\/\\\/thecharge.ca\\\/wp-content\\\/uploads\\\/2021\\\/09\\\/Logo.png\",\"contentUrl\":\"https:\\\/\\\/thecharge.ca\\\/wp-content\\\/uploads\\\/2021\\\/09\\\/Logo.png\",\"width\":130,\"height\":20,\"caption\":\"The Charge\"},\"image\":{\"@id\":\"https:\\\/\\\/thecharge.ca\\\/#\\\/schema\\\/logo\\\/image\\\/\"}},{\"@type\":\"Person\",\"@id\":\"https:\\\/\\\/thecharge.ca\\\/#\\\/schema\\\/person\\\/ee26f3c930dbbcf40d383c6a35df3b7a\",\"name\":\"The Charge\",\"image\":{\"@type\":\"ImageObject\",\"inLanguage\":\"fr-FR\",\"@id\":\"https:\\\/\\\/thecharge.ca\\\/wp-content\\\/uploads\\\/2021\\\/10\\\/Charge-Favicon-96x96.png\",\"url\":\"https:\\\/\\\/thecharge.ca\\\/wp-content\\\/uploads\\\/2021\\\/10\\\/Charge-Favicon-96x96.png\",\"contentUrl\":\"https:\\\/\\\/thecharge.ca\\\/wp-content\\\/uploads\\\/2021\\\/10\\\/Charge-Favicon-96x96.png\",\"caption\":\"The Charge\"},\"url\":\"https:\\\/\\\/thecharge.ca\\\/fr\\\/author\\\/the-charge\\\/\"}]}<\/script>\n<!-- \/ Yoast SEO plugin. -->","yoast_head_json":{"title":"Comment la Mustang\u202fMach-E facilite le passage \u00e0 un v\u00e9hicule \u00e9lectrique\u00a0 - The Charge","description":"Une transition en douceur\u202f","robots":{"index":"index","follow":"follow","max-snippet":"max-snippet:-1","max-image-preview":"max-image-preview:large","max-video-preview":"max-video-preview:-1"},"canonical":"https:\/\/thecharge.ca\/fr\/sponsorise\/comment-la-mustang-mach-e-facilite-le-passage-a-un-vehicule-electrique\/","og_locale":"fr_FR","og_type":"article","og_title":"Comment la Mustang\u202fMach-E facilite le passage \u00e0 un v\u00e9hicule \u00e9lectrique\u00a0 - The Charge","og_description":"Une transition en douceur\u202f","og_url":"https:\/\/thecharge.ca\/fr\/sponsorise\/comment-la-mustang-mach-e-facilite-le-passage-a-un-vehicule-electrique\/","og_site_name":"The Charge","article_published_time":"2022-05-10T16:11:09+00:00","article_modified_time":"2022-05-13T16:22:28+00:00","og_image":[{"width":2560,"height":915,"url":"https:\/\/thecharge.ca\/wp-content\/uploads\/2022\/05\/21_FRD_MCH_LIPMAN_82413_Making-the-Switch-scaled-e1651755965136.jpg","type":"image\/jpeg"}],"author":"The Charge","twitter_card":"summary_large_image","twitter_misc":{"\u00c9crit par":"The Charge","Dur\u00e9e de lecture estim\u00e9e":"5 minutes"},"schema":{"@context":"https:\/\/schema.org","@graph":[{"@type":"Article","@id":"https:\/\/thecharge.ca\/fr\/sponsorise\/comment-la-mustang-mach-e-facilite-le-passage-a-un-vehicule-electrique\/#article","isPartOf":{"@id":"https:\/\/thecharge.ca\/fr\/sponsorise\/comment-la-mustang-mach-e-facilite-le-passage-a-un-vehicule-electrique\/"},"author":{"name":"The Charge","@id":"https:\/\/thecharge.ca\/#\/schema\/person\/ee26f3c930dbbcf40d383c6a35df3b7a"},"headline":"Comment la Mustang\u202fMach-E facilite le passage \u00e0 un v\u00e9hicule \u00e9lectrique\u00a0","datePublished":"2022-05-10T16:11:09+00:00","dateModified":"2022-05-13T16:22:28+00:00","mainEntityOfPage":{"@id":"https:\/\/thecharge.ca\/fr\/sponsorise\/comment-la-mustang-mach-e-facilite-le-passage-a-un-vehicule-electrique\/"},"wordCount":1004,"commentCount":0,"publisher":{"@id":"https:\/\/thecharge.ca\/#organization"},"image":{"@id":"https:\/\/thecharge.ca\/fr\/sponsorise\/comment-la-mustang-mach-e-facilite-le-passage-a-un-vehicule-electrique\/#primaryimage"},"thumbnailUrl":"https:\/\/thecharge.ca\/wp-content\/uploads\/2022\/05\/21_FRD_MCH_LIPMAN_82413_Making-the-Switch-scaled-e1651755965136.jpg","keywords":["Ford","Mustang Mach-E"],"articleSection":["Sponsoris\u00e9","Top Stories - Fr"],"inLanguage":"fr-FR","potentialAction":[{"@type":"CommentAction","name":"Comment","target":["https:\/\/thecharge.ca\/fr\/sponsorise\/comment-la-mustang-mach-e-facilite-le-passage-a-un-vehicule-electrique\/#respond"]}]},{"@type":"WebPage","@id":"https:\/\/thecharge.ca\/fr\/sponsorise\/comment-la-mustang-mach-e-facilite-le-passage-a-un-vehicule-electrique\/","url":"https:\/\/thecharge.ca\/fr\/sponsorise\/comment-la-mustang-mach-e-facilite-le-passage-a-un-vehicule-electrique\/","name":"Comment la Mustang\u202fMach-E facilite le passage \u00e0 un v\u00e9hicule \u00e9lectrique\u00a0 - The Charge","isPartOf":{"@id":"https:\/\/thecharge.ca\/#website"},"primaryImageOfPage":{"@id":"https:\/\/thecharge.ca\/fr\/sponsorise\/comment-la-mustang-mach-e-facilite-le-passage-a-un-vehicule-electrique\/#primaryimage"},"image":{"@id":"https:\/\/thecharge.ca\/fr\/sponsorise\/comment-la-mustang-mach-e-facilite-le-passage-a-un-vehicule-electrique\/#primaryimage"},"thumbnailUrl":"https:\/\/thecharge.ca\/wp-content\/uploads\/2022\/05\/21_FRD_MCH_LIPMAN_82413_Making-the-Switch-scaled-e1651755965136.jpg","datePublished":"2022-05-10T16:11:09+00:00","dateModified":"2022-05-13T16:22:28+00:00","description":"Une transition en douceur\u202f","breadcrumb":{"@id":"https:\/\/thecharge.ca\/fr\/sponsorise\/comment-la-mustang-mach-e-facilite-le-passage-a-un-vehicule-electrique\/#breadcrumb"},"inLanguage":"fr-FR","potentialAction":[{"@type":"ReadAction","target":["https:\/\/thecharge.ca\/fr\/sponsorise\/comment-la-mustang-mach-e-facilite-le-passage-a-un-vehicule-electrique\/"]}]},{"@type":"ImageObject","inLanguage":"fr-FR","@id":"https:\/\/thecharge.ca\/fr\/sponsorise\/comment-la-mustang-mach-e-facilite-le-passage-a-un-vehicule-electrique\/#primaryimage","url":"https:\/\/thecharge.ca\/wp-content\/uploads\/2022\/05\/21_FRD_MCH_LIPMAN_82413_Making-the-Switch-scaled-e1651755965136.jpg","contentUrl":"https:\/\/thecharge.ca\/wp-content\/uploads\/2022\/05\/21_FRD_MCH_LIPMAN_82413_Making-the-Switch-scaled-e1651755965136.jpg","width":2560,"height":915,"caption":"Ford Mustang Mach-E \/ James Lipman"},{"@type":"BreadcrumbList","@id":"https:\/\/thecharge.ca\/fr\/sponsorise\/comment-la-mustang-mach-e-facilite-le-passage-a-un-vehicule-electrique\/#breadcrumb","itemListElement":[{"@type":"ListItem","position":1,"name":"Home","item":"https:\/\/thecharge.ca\/fr\/"},{"@type":"ListItem","position":2,"name":"Comment la Mustang\u202fMach-E facilite le passage \u00e0 un v\u00e9hicule \u00e9lectrique\u00a0"}]},{"@type":"WebSite","@id":"https:\/\/thecharge.ca\/#website","url":"https:\/\/thecharge.ca\/","name":"The Charge","description":"Everything about electric vehicles","publisher":{"@id":"https:\/\/thecharge.ca\/#organization"},"potentialAction":[{"@type":"SearchAction","target":{"@type":"EntryPoint","urlTemplate":"https:\/\/thecharge.ca\/?s={search_term_string}"},"query-input":{"@type":"PropertyValueSpecification","valueRequired":true,"valueName":"search_term_string"}}],"inLanguage":"fr-FR"},{"@type":"Organization","@id":"https:\/\/thecharge.ca\/#organization","name":"The Charge","url":"https:\/\/thecharge.ca\/","logo":{"@type":"ImageObject","inLanguage":"fr-FR","@id":"https:\/\/thecharge.ca\/#\/schema\/logo\/image\/","url":"https:\/\/thecharge.ca\/wp-content\/uploads\/2021\/09\/Logo.png","contentUrl":"https:\/\/thecharge.ca\/wp-content\/uploads\/2021\/09\/Logo.png","width":130,"height":20,"caption":"The Charge"},"image":{"@id":"https:\/\/thecharge.ca\/#\/schema\/logo\/image\/"}},{"@type":"Person","@id":"https:\/\/thecharge.ca\/#\/schema\/person\/ee26f3c930dbbcf40d383c6a35df3b7a","name":"The Charge","image":{"@type":"ImageObject","inLanguage":"fr-FR","@id":"https:\/\/thecharge.ca\/wp-content\/uploads\/2021\/10\/Charge-Favicon-96x96.png","url":"https:\/\/thecharge.ca\/wp-content\/uploads\/2021\/10\/Charge-Favicon-96x96.png","contentUrl":"https:\/\/thecharge.ca\/wp-content\/uploads\/2021\/10\/Charge-Favicon-96x96.png","caption":"The Charge"},"url":"https:\/\/thecharge.ca\/fr\/author\/the-charge\/"}]}},"_links":{"self":[{"href":"https:\/\/thecharge.ca\/fr\/wp-json\/wp\/v2\/posts\/8097","targetHints":{"allow":["GET"]}}],"collection":[{"href":"https:\/\/thecharge.ca\/fr\/wp-json\/wp\/v2\/posts"}],"about":[{"href":"https:\/\/thecharge.ca\/fr\/wp-json\/wp\/v2\/types\/post"}],"author":[{"embeddable":true,"href":"https:\/\/thecharge.ca\/fr\/wp-json\/wp\/v2\/users\/34"}],"replies":[{"embeddable":true,"href":"https:\/\/thecharge.ca\/fr\/wp-json\/wp\/v2\/comments?post=8097"}],"version-history":[{"count":0,"href":"https:\/\/thecharge.ca\/fr\/wp-json\/wp\/v2\/posts\/8097\/revisions"}],"wp:featuredmedia":[{"embeddable":true,"href":"https:\/\/thecharge.ca\/fr\/wp-json\/wp\/v2\/media\/8099"}],"wp:attachment":[{"href":"https:\/\/thecharge.ca\/fr\/wp-json\/wp\/v2\/media?parent=8097"}],"wp:term":[{"taxonomy":"category","embeddable":true,"href":"https:\/\/thecharge.ca\/fr\/wp-json\/wp\/v2\/categories?post=8097"},{"taxonomy":"post_tag","embeddable":true,"href":"https:\/\/thecharge.ca\/fr\/wp-json\/wp\/v2\/tags?post=8097"}],"curies":[{"name":"wp","href":"https:\/\/api.w.org\/{rel}","templated":true}]}}